{"id":2415,"date":"2022-06-01T09:13:31","date_gmt":"2022-06-01T13:13:31","guid":{"rendered":"https:\/\/radioparquecde.com\/?p=2415"},"modified":"2022-06-01T09:13:33","modified_gmt":"2022-06-01T13:13:33","slug":"admiten-que-el-clan-rotela-tiene-blindado-un-pabellon-de-tacumbu","status":"publish","type":"post","link":"https:\/\/radioparquecde.com\/index.php\/2022\/06\/01\/admiten-que-el-clan-rotela-tiene-blindado-un-pabellon-de-tacumbu\/","title":{"rendered":"Admiten que el clan Rotela tiene \u201cblindado\u201d un pabell\u00f3n de Tacumb\u00fa"},"content":{"rendered":"\n<p>El ministro de Justicia, Edgar Olmedo, admiti\u00f3 que el clan Rotela pr\u00e1cticamente tiene \u201cblindado\u201d el pabell\u00f3n que sus miembros ocupan en la c\u00e1rcel de Tacumb\u00fa. Reconoci\u00f3 que el acceso de los mismos funcionarios penitenciarios al lugar resulta dificultoso.<\/p>\n\n\n\n<p>A criterio del titular de la cartera ministerial, el problema de la fragilidad del sistema penitenciario se resolver\u00eda con un presupuesto adecuado para reforzar la seguridad y contratar a personal calificado.<\/p>\n\n\n\n<p>Adem\u00e1s consider\u00f3 que la habilitaci\u00f3n de nuevas penitenciar\u00edas ayudar\u00e1 de sobremanera a descomprimir el sistema.<\/p>\n\n\n\n<p><strong>Situaci\u00f3n controlada<\/strong><\/p>\n\n\n\n<p>El ministro Edgar Olmedo report\u00f3 que en la Penitenciar\u00eda Nacional de Tacumb\u00fa la situaci\u00f3n se encuentra controlada, tras el amotinamiento que se produjo el martes, en aparente protesta por el traslado a otro establecimiento de C\u00e9sar Ram\u00f3n Ortiz Sosa, alias \u201cGordito lindo\u201d, quien protagoniz\u00f3 una fuga y fue recapturado.<\/p>\n\n\n\n<p>El secretario de Estado se\u00f1al\u00f3 que tras lo sucedido se resolvi\u00f3 la intervenci\u00f3n de la c\u00e1rcel por 15 d\u00edas, design\u00e1ndose como interventor al abogado Ren\u00e9 Alvarenga.&nbsp;<\/p>\n\n\n\n<p>Adem\u00e1s confirm\u00f3 que el director de Tacumb\u00fa, Manuel C\u00e9sar Garay, y 20 agentes penitenciarios fueron apartados de sus funciones.<\/p>\n\n\n\n<figure class=\"wp-block-image size-large\"><img loading=\"lazy\" decoding=\"async\" width=\"1024\" height=\"585\" src=\"https:\/\/radioparquecde.com\/wp-content\/uploads\/2022\/06\/PENITENCIARIA-CARCEL-PENAL-TACUMBU-1024x585.jpg\" alt=\"\" class=\"wp-image-2417\" srcset=\"https:\/\/radioparquecde.com\/wp-content\/uploads\/2022\/06\/PENITENCIARIA-CARCEL-PENAL-TACUMBU-1024x585.jpg 1024w, https:\/\/radioparquecde.com\/wp-content\/uploads\/2022\/06\/PENITENCIARIA-CARCEL-PENAL-TACUMBU-300x171.jpg 300w, https:\/\/radioparquecde.com\/wp-content\/uploads\/2022\/06\/PENITENCIARIA-CARCEL-PENAL-TACUMBU-768x438.jpg 768w, https:\/\/radioparquecde.com\/wp-content\/uploads\/2022\/06\/PENITENCIARIA-CARCEL-PENAL-TACUMBU.jpg 1200w\" sizes=\"auto, (max-width: 1024px) 100vw, 1024px\" \/><\/figure>\n","protected":false},"excerpt":{"rendered":"<p>El ministro de Justicia, Edgar Olmedo, admiti\u00f3 que el clan Rotela pr\u00e1cticamente tiene \u201cblindado\u201d el&#8230;<\/p>\n","protected":false},"author":3,"featured_media":2418,"comment_status":"closed","ping_status":"closed","sticky":false,"template":"","format":"standard","meta":{"footnotes":""},"categories":[2,6],"tags":[],"class_list":["post-2415","post","type-post","status-publish","format-standard","has-post-thumbnail","hentry","category-destacadas","category-noticias"],"featured_image_urls":{"full":["https:\/\/radioparquecde.com\/wp-content\/uploads\/2022\/06\/PENITENCIARIA-CARCEL-PENAL-TACUMBU-1.jpg",1200,685,false],"thumbnail":["https:\/\/radioparquecde.com\/wp-content\/uploads\/2022\/06\/PENITENCIARIA-CARCEL-PENAL-TACUMBU-1-150x150.jpg",150,150,true],"medium":["https:\/\/radioparquecde.com\/wp-content\/uploads\/2022\/06\/PENITENCIARIA-CARCEL-PENAL-TACUMBU-1-300x171.jpg",300,171,true],"medium_large":["https:\/\/radioparquecde.com\/wp-content\/uploads\/2022\/06\/PENITENCIARIA-CARCEL-PENAL-TACUMBU-1-768x438.jpg",640,365,true],"large":["https:\/\/radioparquecde.com\/wp-content\/uploads\/2022\/06\/PENITENCIARIA-CARCEL-PENAL-TACUMBU-1-1024x585.jpg",640,366,true],"1536x1536":["https:\/\/radioparquecde.com\/wp-content\/uploads\/2022\/06\/PENITENCIARIA-CARCEL-PENAL-TACUMBU-1.jpg",1200,685,false],"2048x2048":["https:\/\/radioparquecde.com\/wp-content\/uploads\/2022\/06\/PENITENCIARIA-CARCEL-PENAL-TACUMBU-1.jpg",1200,685,false],"newsphere-slider-full":["https:\/\/radioparquecde.com\/wp-content\/uploads\/2022\/06\/PENITENCIARIA-CARCEL-PENAL-TACUMBU-1.jpg",1200,685,false],"newsphere-featured":["https:\/\/radioparquecde.com\/wp-content\/uploads\/2022\/06\/PENITENCIARIA-CARCEL-PENAL-TACUMBU-1-1024x585.jpg",1024,585,true],"newsphere-medium":["https:\/\/radioparquecde.com\/wp-content\/uploads\/2022\/06\/PENITENCIARIA-CARCEL-PENAL-TACUMBU-1-720x380.jpg",720,380,true]},"author_info":{"display_name":"Editor","author_link":"https:\/\/radioparquecde.com\/index.php\/author\/editor\/"},"category_info":"<a href=\"https:\/\/radioparquecde.com\/index.php\/category\/noticias\/destacadas\/\" rel=\"category tag\">Destacadas<\/a> <a href=\"https:\/\/radioparquecde.com\/index.php\/category\/noticias\/\" rel=\"category tag\">Noticias<\/a>","tag_info":"Noticias","comment_count":"0","_links":{"self":[{"href":"https:\/\/radioparquecde.com\/index.php\/wp-json\/wp\/v2\/posts\/2415","targetHints":{"allow":["GET"]}}],"collection":[{"href":"https:\/\/radioparquecde.com\/index.php\/wp-json\/wp\/v2\/posts"}],"about":[{"href":"https:\/\/radioparquecde.com\/index.php\/wp-json\/wp\/v2\/types\/post"}],"author":[{"embeddable":true,"href":"https:\/\/radioparquecde.com\/index.php\/wp-json\/wp\/v2\/users\/3"}],"replies":[{"embeddable":true,"href":"https:\/\/radioparquecde.com\/index.php\/wp-json\/wp\/v2\/comments?post=2415"}],"version-history":[{"count":1,"href":"https:\/\/radioparquecde.com\/index.php\/wp-json\/wp\/v2\/posts\/2415\/revisions"}],"predecessor-version":[{"id":2419,"href":"https:\/\/radioparquecde.com\/index.php\/wp-json\/wp\/v2\/posts\/2415\/revisions\/2419"}],"wp:featuredmedia":[{"embeddable":true,"href":"https:\/\/radioparquecde.com\/index.php\/wp-json\/wp\/v2\/media\/2418"}],"wp:attachment":[{"href":"https:\/\/radioparquecde.com\/index.php\/wp-json\/wp\/v2\/media?parent=2415"}],"wp:term":[{"taxonomy":"category","embeddable":true,"href":"https:\/\/radioparquecde.com\/index.php\/wp-json\/wp\/v2\/categories?post=2415"},{"taxonomy":"post_tag","embeddable":true,"href":"https:\/\/radioparquecde.com\/index.php\/wp-json\/wp\/v2\/tags?post=2415"}],"curies":[{"name":"wp","href":"https:\/\/api.w.org\/{rel}","templated":true}]}}