{"id":2422,"date":"2022-06-01T10:08:01","date_gmt":"2022-06-01T14:08:01","guid":{"rendered":"https:\/\/radioparquecde.com\/?p=2422"},"modified":"2022-06-01T10:08:03","modified_gmt":"2022-06-01T14:08:03","slug":"denuncian-fallecimiento-de-bebe-por-atencion-tardia-y-falta-de-uti-en-el-hospital-los-angeles","status":"publish","type":"post","link":"https:\/\/radioparquecde.com\/index.php\/2022\/06\/01\/denuncian-fallecimiento-de-bebe-por-atencion-tardia-y-falta-de-uti-en-el-hospital-los-angeles\/","title":{"rendered":"Denuncian fallecimiento de beb\u00e9 por atenci\u00f3n tard\u00eda y falta de UTI en el Hospital Los \u00c1ngeles"},"content":{"rendered":"\n<p>Fernando Escobar, padre de una beba que falleci\u00f3 horas despu\u00e9s de nacer en el Hospital Los \u00c1ngeles de Ciudad del Este, denunci\u00f3 que los profesionales del nosocomio hab\u00edan tardado demasiado en realizarle la ces\u00e1rea a su esposa, pese a que ya hab\u00edan pasado m\u00e1s de dos semanas de su fecha probable de parto. La situaci\u00f3n perjudic\u00f3 a su beba, que present\u00f3 complicaciones, requiri\u00f3 de atenci\u00f3n en la Unidad de Terapia Intensiva (UTI), y como no se dispon\u00edan de camas en el centro asistencial, lamentablemente, termin\u00f3 falleciendo.<\/p>\n\n\n\n<p>Fernando Escobar explic\u00f3 que a primeras horas del domingo llev\u00f3 a su pareja hasta el Hospital Los \u00c1ngeles porque ya hab\u00eda empezado a presentar contracciones. Sin embargo, los profesionales de guardia la revisaron y le recomendaron volver a su casa porque supuestamente todav\u00eda no tendr\u00eda a su beb\u00e9. Las contracciones no paraban y en dos ocasiones m\u00e1s volvieron al hospital, pero recibieron la misma respuesta que el beb\u00e9 no nacer\u00eda todav\u00eda.<\/p>\n\n\n\n<p>Luego de 24 horas de idas y vueltas, finalmente la parturienta fue internada el lunes al mediod\u00eda para dar a luz. Los m\u00e9dicos le manifestaron que la peque\u00f1a se encontraba en perfectas condiciones. Sin embargo, llamativamente, horas despu\u00e9s informaron a la familia que la beba estaba grave y requer\u00eda de una cama de Terapia Intensiva que deb\u00edan conseguir porque en el centro asistencial no hab\u00eda ninguna disponible. Pese a buscar un lugar para internarla, el martes la reci\u00e9n nacida falleci\u00f3.<\/p>\n\n\n\n<p>Para el pap\u00e1, su hija falleci\u00f3 debido a que los m\u00e9dicos tardaron mucho en asistir a su mujer, que ya contaba con m\u00e1s de 42 semanas de gestaci\u00f3n y ya llevaba, pr\u00e1cticamente dos d\u00edas de trabajo de parto.<\/p>\n\n\n\n<p>Por su parte, los m\u00e9dicos manifestaron que la peque\u00f1a falleci\u00f3 porque hab\u00eda aspirado meconio y esto hab\u00eda da\u00f1ado sus pulmones.<\/p>\n\n\n\n<figure class=\"wp-block-image size-full\"><img loading=\"lazy\" decoding=\"async\" width=\"692\" height=\"540\" src=\"https:\/\/radioparquecde.com\/wp-content\/uploads\/2022\/06\/285501339_1077435222877822_2269071363547817235_n.jpg\" alt=\"\" class=\"wp-image-2424\" srcset=\"https:\/\/radioparquecde.com\/wp-content\/uploads\/2022\/06\/285501339_1077435222877822_2269071363547817235_n.jpg 692w, https:\/\/radioparquecde.com\/wp-content\/uploads\/2022\/06\/285501339_1077435222877822_2269071363547817235_n-300x234.jpg 300w\" sizes=\"auto, (max-width: 692px) 100vw, 692px\" \/><\/figure>\n","protected":false},"excerpt":{"rendered":"<p>Fernando Escobar, padre de una beba que falleci\u00f3 horas despu\u00e9s de nacer en el Hospital&#8230;<\/p>\n","protected":false},"author":3,"featured_media":2426,"comment_status":"closed","ping_status":"closed","sticky":false,"template":"","format":"standard","meta":{"footnotes":""},"categories":[2,6],"tags":[],"class_list":["post-2422","post","type-post","status-publish","format-standard","has-post-thumbnail","hentry","category-destacadas","category-noticias"],"featured_image_urls":{"full":["https:\/\/radioparquecde.com\/wp-content\/uploads\/2022\/06\/285501339_1077435222877822_2269071363547817235_n-2.jpg",692,540,false],"thumbnail":["https:\/\/radioparquecde.com\/wp-content\/uploads\/2022\/06\/285501339_1077435222877822_2269071363547817235_n-2-150x150.jpg",150,150,true],"medium":["https:\/\/radioparquecde.com\/wp-content\/uploads\/2022\/06\/285501339_1077435222877822_2269071363547817235_n-2-300x234.jpg",300,234,true],"medium_large":["https:\/\/radioparquecde.com\/wp-content\/uploads\/2022\/06\/285501339_1077435222877822_2269071363547817235_n-2.jpg",640,499,false],"large":["https:\/\/radioparquecde.com\/wp-content\/uploads\/2022\/06\/285501339_1077435222877822_2269071363547817235_n-2.jpg",640,499,false],"1536x1536":["https:\/\/radioparquecde.com\/wp-content\/uploads\/2022\/06\/285501339_1077435222877822_2269071363547817235_n-2.jpg",692,540,false],"2048x2048":["https:\/\/radioparquecde.com\/wp-content\/uploads\/2022\/06\/285501339_1077435222877822_2269071363547817235_n-2.jpg",692,540,false],"newsphere-slider-full":["https:\/\/radioparquecde.com\/wp-content\/uploads\/2022\/06\/285501339_1077435222877822_2269071363547817235_n-2.jpg",692,540,false],"newsphere-featured":["https:\/\/radioparquecde.com\/wp-content\/uploads\/2022\/06\/285501339_1077435222877822_2269071363547817235_n-2.jpg",692,540,false],"newsphere-medium":["https:\/\/radioparquecde.com\/wp-content\/uploads\/2022\/06\/285501339_1077435222877822_2269071363547817235_n-2-692x380.jpg",692,380,true]},"author_info":{"display_name":"Editor","author_link":"https:\/\/radioparquecde.com\/index.php\/author\/editor\/"},"category_info":"<a href=\"https:\/\/radioparquecde.com\/index.php\/category\/noticias\/destacadas\/\" rel=\"category tag\">Destacadas<\/a> <a href=\"https:\/\/radioparquecde.com\/index.php\/category\/noticias\/\" rel=\"category tag\">Noticias<\/a>","tag_info":"Noticias","comment_count":"0","_links":{"self":[{"href":"https:\/\/radioparquecde.com\/index.php\/wp-json\/wp\/v2\/posts\/2422","targetHints":{"allow":["GET"]}}],"collection":[{"href":"https:\/\/radioparquecde.com\/index.php\/wp-json\/wp\/v2\/posts"}],"about":[{"href":"https:\/\/radioparquecde.com\/index.php\/wp-json\/wp\/v2\/types\/post"}],"author":[{"embeddable":true,"href":"https:\/\/radioparquecde.com\/index.php\/wp-json\/wp\/v2\/users\/3"}],"replies":[{"embeddable":true,"href":"https:\/\/radioparquecde.com\/index.php\/wp-json\/wp\/v2\/comments?post=2422"}],"version-history":[{"count":1,"href":"https:\/\/radioparquecde.com\/index.php\/wp-json\/wp\/v2\/posts\/2422\/revisions"}],"predecessor-version":[{"id":2427,"href":"https:\/\/radioparquecde.com\/index.php\/wp-json\/wp\/v2\/posts\/2422\/revisions\/2427"}],"wp:featuredmedia":[{"embeddable":true,"href":"https:\/\/radioparquecde.com\/index.php\/wp-json\/wp\/v2\/media\/2426"}],"wp:attachment":[{"href":"https:\/\/radioparquecde.com\/index.php\/wp-json\/wp\/v2\/media?parent=2422"}],"wp:term":[{"taxonomy":"category","embeddable":true,"href":"https:\/\/radioparquecde.com\/index.php\/wp-json\/wp\/v2\/categories?post=2422"},{"taxonomy":"post_tag","embeddable":true,"href":"https:\/\/radioparquecde.com\/index.php\/wp-json\/wp\/v2\/tags?post=2422"}],"curies":[{"name":"wp","href":"https:\/\/api.w.org\/{rel}","templated":true}]}}