{"id":2445,"date":"2022-06-01T14:54:29","date_gmt":"2022-06-01T18:54:29","guid":{"rendered":"https:\/\/radioparquecde.com\/?p=2445"},"modified":"2022-06-01T14:54:31","modified_gmt":"2022-06-01T18:54:31","slug":"alumnos-planeaban-llevar-armas-en-colegio-de-pedro-juan-caballero","status":"publish","type":"post","link":"https:\/\/radioparquecde.com\/index.php\/2022\/06\/01\/alumnos-planeaban-llevar-armas-en-colegio-de-pedro-juan-caballero\/","title":{"rendered":"Alumnos planeaban llevar armas en colegio de Pedro Juan Caballero"},"content":{"rendered":"\n<p>Autoridades del Centro Regional de Educaci\u00f3n de Pedro Juan Caballero descubrieron audios y escritos de un grupo de whatsapp en donde alumnos del octavo grado estaban planeando llevar armas al colegio. \u00abSon 2 a 3 personas los que hablaban dentro del grupo de realizar tiros y de &#8216;\u00f1embokapu\u2019 \u201d, dijo el profesor Agust\u00edn Rojas, director de la instituci\u00f3n.<\/p>\n\n\n\n<p>\u201cSon del octavo grado cuyas edades oscilan entre los 12 y 13 a\u00f1os. Se trata de una broma de mal gusto pero no obstante sigue todos los trabajos investigativos. Se activ\u00f3 el protocolo y comunicamos a las autoridades\u201d, expres\u00f3.<\/p>\n\n\n\n<p>\u201cInmediatamente la directora del nivel comunic\u00f3 a las autoridades pertinentes. Hizo la denuncia a la Polic\u00eda y esta ma\u00f1ana estuvimos en el Colegio activando el protocolo preventivo\u201d, coment\u00f3.<\/p>\n\n\n\n<p>\u201cSe les convoc\u00f3 a todos los padres de esos alumnos y algunas autoridades estuvieron hablando con los chicos\u201d, refiri\u00f3.<\/p>\n\n\n\n<p>Mencion\u00f3 que la situaci\u00f3n est\u00e1 bajo control y no pas\u00f3 a mayores por lo que las actividades en la instituci\u00f3n educativa se desarrollan con normalidad.<\/p>\n\n\n\n<figure class=\"wp-block-image size-full\"><img loading=\"lazy\" decoding=\"async\" width=\"712\" height=\"333\" src=\"https:\/\/radioparquecde.com\/wp-content\/uploads\/2022\/06\/colegio-1.png\" alt=\"\" class=\"wp-image-2447\" srcset=\"https:\/\/radioparquecde.com\/wp-content\/uploads\/2022\/06\/colegio-1.png 712w, https:\/\/radioparquecde.com\/wp-content\/uploads\/2022\/06\/colegio-1-300x140.png 300w\" sizes=\"auto, (max-width: 712px) 100vw, 712px\" \/><\/figure>\n","protected":false},"excerpt":{"rendered":"<p>Autoridades del Centro Regional de Educaci\u00f3n de Pedro Juan Caballero descubrieron audios y escritos de&#8230;<\/p>\n","protected":false},"author":3,"featured_media":2448,"comment_status":"closed","ping_status":"closed","sticky":false,"template":"","format":"standard","meta":{"footnotes":""},"categories":[2,6],"tags":[],"class_list":["post-2445","post","type-post","status-publish","format-standard","has-post-thumbnail","hentry","category-destacadas","category-noticias"],"featured_image_urls":{"full":["https:\/\/radioparquecde.com\/wp-content\/uploads\/2022\/06\/colegio-1-1.png",712,333,false],"thumbnail":["https:\/\/radioparquecde.com\/wp-content\/uploads\/2022\/06\/colegio-1-1-150x150.png",150,150,true],"medium":["https:\/\/radioparquecde.com\/wp-content\/uploads\/2022\/06\/colegio-1-1-300x140.png",300,140,true],"medium_large":["https:\/\/radioparquecde.com\/wp-content\/uploads\/2022\/06\/colegio-1-1.png",640,299,false],"large":["https:\/\/radioparquecde.com\/wp-content\/uploads\/2022\/06\/colegio-1-1.png",640,299,false],"1536x1536":["https:\/\/radioparquecde.com\/wp-content\/uploads\/2022\/06\/colegio-1-1.png",712,333,false],"2048x2048":["https:\/\/radioparquecde.com\/wp-content\/uploads\/2022\/06\/colegio-1-1.png",712,333,false],"newsphere-slider-full":["https:\/\/radioparquecde.com\/wp-content\/uploads\/2022\/06\/colegio-1-1.png",712,333,false],"newsphere-featured":["https:\/\/radioparquecde.com\/wp-content\/uploads\/2022\/06\/colegio-1-1.png",712,333,false],"newsphere-medium":["https:\/\/radioparquecde.com\/wp-content\/uploads\/2022\/06\/colegio-1-1.png",712,333,false]},"author_info":{"display_name":"Editor","author_link":"https:\/\/radioparquecde.com\/index.php\/author\/editor\/"},"category_info":"<a href=\"https:\/\/radioparquecde.com\/index.php\/category\/noticias\/destacadas\/\" rel=\"category tag\">Destacadas<\/a> <a href=\"https:\/\/radioparquecde.com\/index.php\/category\/noticias\/\" rel=\"category tag\">Noticias<\/a>","tag_info":"Noticias","comment_count":"0","_links":{"self":[{"href":"https:\/\/radioparquecde.com\/index.php\/wp-json\/wp\/v2\/posts\/2445","targetHints":{"allow":["GET"]}}],"collection":[{"href":"https:\/\/radioparquecde.com\/index.php\/wp-json\/wp\/v2\/posts"}],"about":[{"href":"https:\/\/radioparquecde.com\/index.php\/wp-json\/wp\/v2\/types\/post"}],"author":[{"embeddable":true,"href":"https:\/\/radioparquecde.com\/index.php\/wp-json\/wp\/v2\/users\/3"}],"replies":[{"embeddable":true,"href":"https:\/\/radioparquecde.com\/index.php\/wp-json\/wp\/v2\/comments?post=2445"}],"version-history":[{"count":1,"href":"https:\/\/radioparquecde.com\/index.php\/wp-json\/wp\/v2\/posts\/2445\/revisions"}],"predecessor-version":[{"id":2449,"href":"https:\/\/radioparquecde.com\/index.php\/wp-json\/wp\/v2\/posts\/2445\/revisions\/2449"}],"wp:featuredmedia":[{"embeddable":true,"href":"https:\/\/radioparquecde.com\/index.php\/wp-json\/wp\/v2\/media\/2448"}],"wp:attachment":[{"href":"https:\/\/radioparquecde.com\/index.php\/wp-json\/wp\/v2\/media?parent=2445"}],"wp:term":[{"taxonomy":"category","embeddable":true,"href":"https:\/\/radioparquecde.com\/index.php\/wp-json\/wp\/v2\/categories?post=2445"},{"taxonomy":"post_tag","embeddable":true,"href":"https:\/\/radioparquecde.com\/index.php\/wp-json\/wp\/v2\/tags?post=2445"}],"curies":[{"name":"wp","href":"https:\/\/api.w.org\/{rel}","templated":true}]}}