{"id":2558,"date":"2022-06-06T09:47:28","date_gmt":"2022-06-06T13:47:28","guid":{"rendered":"https:\/\/radioparquecde.com\/?p=2558"},"modified":"2022-06-06T09:47:29","modified_gmt":"2022-06-06T13:47:29","slug":"presunto-delincuente-se-revento-al-caer-sobre-el-empedrado-con-moto-robada","status":"publish","type":"post","link":"https:\/\/radioparquecde.com\/index.php\/2022\/06\/06\/presunto-delincuente-se-revento-al-caer-sobre-el-empedrado-con-moto-robada\/","title":{"rendered":"Presunto delincuente se revent\u00f3 al caer sobre el empedrado con moto robada"},"content":{"rendered":"\n<p><strong>HERNANDARIAS.<\/strong>&nbsp;Un presunto ladr\u00f3n de motos sufri\u00f3 m\u00faltiples lesiones al caer violentamente en una calle empedrada luego de perder el control de una motocicleta que acababa de robar y estaba huyendo a gran velocidad. La Polic\u00eda lleg\u00f3 al sitio para auxiliar al accidentado y, en ese momento dado, lleg\u00f3 el due\u00f1o de la moto y reconoci\u00f3 al marginal, por lo que quedar\u00e1 detenido luego de ser asistido. El caso ocurri\u00f3 ayer, alrededor de las 16:00, en el barrio F\u00e9lix de Azara de esta ciudad.<\/p>\n\n\n\n<p>El presunto delincuente que qued\u00f3 con varios golpes y de milagro no muri\u00f3 es Juan Andr\u00e9s Ag\u00fcero, de 24 a\u00f1os, domiciliado en el barrio San Ram\u00f3n de Hernandarias. De su poder fue recuperada una motocicleta de la marca Star, SK-125, a\u00f1o 2018, de color rojo, con matr\u00edcula 238 BYJ. Seg\u00fan testigos, el joven circulaba a alta velocidad cuando perdi\u00f3 el control de la moto y cay\u00f3 aparatosamente sobre una calle empedrada sin denominaci\u00f3n, a 100 metros de la secta Pueblo de Dio, situada en el barrio F\u00e9lix de Azara, de esa ciudad.<\/p>\n\n\n\n<p>Los uniformados acudieron al sito para verificar lo ocurrido y auxiliar al herido, en ese \u00ednterin, lleg\u00f3 al lugar del accidente Miguel Gonz\u00e1lez Duarte, de 51 a\u00f1os, domiciliado en el barrio Caacupem\u00ed, quien manifest\u00f3 a los agentes de la comisar\u00eda 27\u00aa,&nbsp; que minutos antes del hecho fue v\u00edctima de robo agravado de su motocicleta, y reconoci\u00f3 a la persona accidentada como el presunto autor del atraco. Adem\u00e1s reconoci\u00f3 que la motocicleta que se encontraba en el lugar del accidente era de su propiedad, y radic\u00f3 la denuncia en el sitio.<\/p>\n\n\n\n<figure class=\"wp-block-image size-large\"><img loading=\"lazy\" decoding=\"async\" width=\"1024\" height=\"576\" src=\"https:\/\/radioparquecde.com\/wp-content\/uploads\/2022\/06\/PAG-12-A-1024x576.jpg\" alt=\"\" class=\"wp-image-2560\" srcset=\"https:\/\/radioparquecde.com\/wp-content\/uploads\/2022\/06\/PAG-12-A-1024x576.jpg 1024w, https:\/\/radioparquecde.com\/wp-content\/uploads\/2022\/06\/PAG-12-A-300x169.jpg 300w, https:\/\/radioparquecde.com\/wp-content\/uploads\/2022\/06\/PAG-12-A-768x432.jpg 768w, https:\/\/radioparquecde.com\/wp-content\/uploads\/2022\/06\/PAG-12-A.jpg 1280w\" sizes=\"auto, (max-width: 1024px) 100vw, 1024px\" \/><\/figure>\n\n\n\n<p><strong>HERIDO Y DETENIDO<\/strong><\/p>\n\n\n\n<p>Juan Andr\u00e9s Ag\u00fcero fue trasladado al hospital distrital de Hernandarias donde qued\u00f3 internado, bajo custodia policial. El hecho fue comunicado a la asistente fiscal de turno de la unidad penal Haydee V\u00e1zquez, quien, por indicaciones del agente fiscal, Alfredo Acosta Heyn, dispuso la incautaci\u00f3n de la moto en la sede policial a disposici\u00f3n de esa unidad fiscal. Entre tanto, el delincuente herido qued\u00f3 en el hospital hasta que se recupere y luego ser\u00e1 remitido al calabozo de la Direcci\u00f3n de Polic\u00eda del Alto Paran\u00e1.<\/p>\n","protected":false},"excerpt":{"rendered":"<p>HERNANDARIAS.&nbsp;Un presunto ladr\u00f3n de motos sufri\u00f3 m\u00faltiples lesiones al caer violentamente en una calle empedrada&#8230;<\/p>\n","protected":false},"author":3,"featured_media":2561,"comment_status":"closed","ping_status":"closed","sticky":false,"template":"","format":"standard","meta":{"footnotes":""},"categories":[48,6],"tags":[],"class_list":["post-2558","post","type-post","status-publish","format-standard","has-post-thumbnail","hentry","category-alto-parana","category-noticias"],"featured_image_urls":{"full":["https:\/\/radioparquecde.com\/wp-content\/uploads\/2022\/06\/PAG-12-A-1.jpg",1280,720,false],"thumbnail":["https:\/\/radioparquecde.com\/wp-content\/uploads\/2022\/06\/PAG-12-A-1-150x150.jpg",150,150,true],"medium":["https:\/\/radioparquecde.com\/wp-content\/uploads\/2022\/06\/PAG-12-A-1-300x169.jpg",300,169,true],"medium_large":["https:\/\/radioparquecde.com\/wp-content\/uploads\/2022\/06\/PAG-12-A-1-768x432.jpg",640,360,true],"large":["https:\/\/radioparquecde.com\/wp-content\/uploads\/2022\/06\/PAG-12-A-1-1024x576.jpg",640,360,true],"1536x1536":["https:\/\/radioparquecde.com\/wp-content\/uploads\/2022\/06\/PAG-12-A-1.jpg",1280,720,false],"2048x2048":["https:\/\/radioparquecde.com\/wp-content\/uploads\/2022\/06\/PAG-12-A-1.jpg",1280,720,false],"newsphere-slider-full":["https:\/\/radioparquecde.com\/wp-content\/uploads\/2022\/06\/PAG-12-A-1.jpg",1280,720,false],"newsphere-featured":["https:\/\/radioparquecde.com\/wp-content\/uploads\/2022\/06\/PAG-12-A-1-1024x576.jpg",1024,576,true],"newsphere-medium":["https:\/\/radioparquecde.com\/wp-content\/uploads\/2022\/06\/PAG-12-A-1-720x380.jpg",720,380,true]},"author_info":{"display_name":"Editor","author_link":"https:\/\/radioparquecde.com\/index.php\/author\/editor\/"},"category_info":"<a href=\"https:\/\/radioparquecde.com\/index.php\/category\/alto-parana\/\" rel=\"category tag\">ALTO PARAN\u00c1<\/a> <a href=\"https:\/\/radioparquecde.com\/index.php\/category\/noticias\/\" rel=\"category tag\">Noticias<\/a>","tag_info":"Noticias","comment_count":"0","_links":{"self":[{"href":"https:\/\/radioparquecde.com\/index.php\/wp-json\/wp\/v2\/posts\/2558","targetHints":{"allow":["GET"]}}],"collection":[{"href":"https:\/\/radioparquecde.com\/index.php\/wp-json\/wp\/v2\/posts"}],"about":[{"href":"https:\/\/radioparquecde.com\/index.php\/wp-json\/wp\/v2\/types\/post"}],"author":[{"embeddable":true,"href":"https:\/\/radioparquecde.com\/index.php\/wp-json\/wp\/v2\/users\/3"}],"replies":[{"embeddable":true,"href":"https:\/\/radioparquecde.com\/index.php\/wp-json\/wp\/v2\/comments?post=2558"}],"version-history":[{"count":1,"href":"https:\/\/radioparquecde.com\/index.php\/wp-json\/wp\/v2\/posts\/2558\/revisions"}],"predecessor-version":[{"id":2562,"href":"https:\/\/radioparquecde.com\/index.php\/wp-json\/wp\/v2\/posts\/2558\/revisions\/2562"}],"wp:featuredmedia":[{"embeddable":true,"href":"https:\/\/radioparquecde.com\/index.php\/wp-json\/wp\/v2\/media\/2561"}],"wp:attachment":[{"href":"https:\/\/radioparquecde.com\/index.php\/wp-json\/wp\/v2\/media?parent=2558"}],"wp:term":[{"taxonomy":"category","embeddable":true,"href":"https:\/\/radioparquecde.com\/index.php\/wp-json\/wp\/v2\/categories?post=2558"},{"taxonomy":"post_tag","embeddable":true,"href":"https:\/\/radioparquecde.com\/index.php\/wp-json\/wp\/v2\/tags?post=2558"}],"curies":[{"name":"wp","href":"https:\/\/api.w.org\/{rel}","templated":true}]}}