{"id":2575,"date":"2022-06-07T08:45:10","date_gmt":"2022-06-07T12:45:10","guid":{"rendered":"https:\/\/radioparquecde.com\/?p=2575"},"modified":"2022-06-07T08:45:12","modified_gmt":"2022-06-07T12:45:12","slug":"asesinan-en-su-despacho-al-ministro-del-medio-ambiente-de-republica-dominicana","status":"publish","type":"post","link":"https:\/\/radioparquecde.com\/index.php\/2022\/06\/07\/asesinan-en-su-despacho-al-ministro-del-medio-ambiente-de-republica-dominicana\/","title":{"rendered":"Asesinan en su despacho al ministro del Medio Ambiente de Rep\u00fablica Dominicana"},"content":{"rendered":"\n<p>El ministro de Medio Ambiente de Rep\u00fablica Dominicana, Orlando Jorge Mera, hijo de un expresidente del pa\u00eds, fue asesinado el lunes de siete balazos en su despacho por un \u201camigo de la infancia\u201d que actu\u00f3 por causas que se investigan pero que estar\u00edan relacionadas con la decisi\u00f3n de la cartera de cerrar una mina de cemento en el norte del pa\u00eds, propiedad del presunto asesino.<\/p>\n\n\n\n<p>Un hombre armado irrumpi\u00f3 en una reuni\u00f3n que Jorge Mera sosten\u00eda semanalmente con sus viceministros y abri\u00f3 fuego, seg\u00fan funcionarios que hablaron bajo reserva.<\/p>\n\n\n\n<p>Horas despu\u00e9s, la Presidencia confirm\u00f3 el crimen, en un comunicado en el que adem\u00e1s expres\u00f3 sus \u201cm\u00e1s profundas condolencias a la familia\u201d Mera.<\/p>\n\n\n\n<figure class=\"wp-block-image size-full\"><img loading=\"lazy\" decoding=\"async\" width=\"800\" height=\"490\" src=\"https:\/\/radioparquecde.com\/wp-content\/uploads\/2022\/06\/Orlando-Jorge-Mera.jpg\" alt=\"\" class=\"wp-image-2577\" srcset=\"https:\/\/radioparquecde.com\/wp-content\/uploads\/2022\/06\/Orlando-Jorge-Mera.jpg 800w, https:\/\/radioparquecde.com\/wp-content\/uploads\/2022\/06\/Orlando-Jorge-Mera-300x184.jpg 300w, https:\/\/radioparquecde.com\/wp-content\/uploads\/2022\/06\/Orlando-Jorge-Mera-768x470.jpg 768w\" sizes=\"auto, (max-width: 800px) 100vw, 800px\" \/><\/figure>\n\n\n\n<p>Testigos en el lugar afirmaron que el asesino de Jorge Mera se atrincher\u00f3 inicialmente en las oficinas ministeriales con varios rehenes, mientras muchos empleados ped\u00edan a gritos, desesperados, que abrieran la puerta para salir de la instituci\u00f3n.<\/p>\n\n\n\n<p>Apenas horas m\u00e1s tarde del asesinato se supo que el atacante se llama Miguel Cruz y que es un empresario amigo personal del fallecido ministro, a quien visitaba con frecuencia y nunca era revisado a su ingreso.<\/p>\n\n\n\n<p>El peri\u00f3dico local List\u00edn Diario se\u00f1al\u00f3 que despu\u00e9s del homicidio Cruz fue a una iglesia de la zona y se present\u00f3 ante el cura: \u201cVine porque acabo de matar a una persona\u201d, le dijo, seg\u00fan el medio. Ah\u00ed logr\u00f3 ser controlado por la Polic\u00eda.<\/p>\n\n\n\n<p>Jorge Mera era hijo del expresidente dominicano Salvador Jorge Blanco (1982-86) y estaba al frente del ministerio desde agosto de 2020.<\/p>\n\n\n\n<p>Fuente: T\u00e9lam<\/p>\n","protected":false},"excerpt":{"rendered":"<p>El ministro de Medio Ambiente de Rep\u00fablica Dominicana, Orlando Jorge Mera, hijo de un expresidente&#8230;<\/p>\n","protected":false},"author":3,"featured_media":2578,"comment_status":"closed","ping_status":"closed","sticky":false,"template":"","format":"standard","meta":{"footnotes":""},"categories":[19,20],"tags":[],"class_list":["post-2575","post","type-post","status-publish","format-standard","has-post-thumbnail","hentry","category-internacionales","category-nacionales"],"featured_image_urls":{"full":["https:\/\/radioparquecde.com\/wp-content\/uploads\/2022\/06\/Orlando-Jorge-Mera-1.jpg",800,490,false],"thumbnail":["https:\/\/radioparquecde.com\/wp-content\/uploads\/2022\/06\/Orlando-Jorge-Mera-1-150x150.jpg",150,150,true],"medium":["https:\/\/radioparquecde.com\/wp-content\/uploads\/2022\/06\/Orlando-Jorge-Mera-1-300x184.jpg",300,184,true],"medium_large":["https:\/\/radioparquecde.com\/wp-content\/uploads\/2022\/06\/Orlando-Jorge-Mera-1-768x470.jpg",640,392,true],"large":["https:\/\/radioparquecde.com\/wp-content\/uploads\/2022\/06\/Orlando-Jorge-Mera-1.jpg",640,392,false],"1536x1536":["https:\/\/radioparquecde.com\/wp-content\/uploads\/2022\/06\/Orlando-Jorge-Mera-1.jpg",800,490,false],"2048x2048":["https:\/\/radioparquecde.com\/wp-content\/uploads\/2022\/06\/Orlando-Jorge-Mera-1.jpg",800,490,false],"newsphere-slider-full":["https:\/\/radioparquecde.com\/wp-content\/uploads\/2022\/06\/Orlando-Jorge-Mera-1.jpg",800,490,false],"newsphere-featured":["https:\/\/radioparquecde.com\/wp-content\/uploads\/2022\/06\/Orlando-Jorge-Mera-1.jpg",800,490,false],"newsphere-medium":["https:\/\/radioparquecde.com\/wp-content\/uploads\/2022\/06\/Orlando-Jorge-Mera-1-720x380.jpg",720,380,true]},"author_info":{"display_name":"Editor","author_link":"https:\/\/radioparquecde.com\/index.php\/author\/editor\/"},"category_info":"<a href=\"https:\/\/radioparquecde.com\/index.php\/category\/noticias\/internacionales\/\" rel=\"category tag\">Internacionales<\/a> <a href=\"https:\/\/radioparquecde.com\/index.php\/category\/noticias\/nacionales\/\" rel=\"category tag\">Nacionales<\/a>","tag_info":"Nacionales","comment_count":"0","_links":{"self":[{"href":"https:\/\/radioparquecde.com\/index.php\/wp-json\/wp\/v2\/posts\/2575","targetHints":{"allow":["GET"]}}],"collection":[{"href":"https:\/\/radioparquecde.com\/index.php\/wp-json\/wp\/v2\/posts"}],"about":[{"href":"https:\/\/radioparquecde.com\/index.php\/wp-json\/wp\/v2\/types\/post"}],"author":[{"embeddable":true,"href":"https:\/\/radioparquecde.com\/index.php\/wp-json\/wp\/v2\/users\/3"}],"replies":[{"embeddable":true,"href":"https:\/\/radioparquecde.com\/index.php\/wp-json\/wp\/v2\/comments?post=2575"}],"version-history":[{"count":1,"href":"https:\/\/radioparquecde.com\/index.php\/wp-json\/wp\/v2\/posts\/2575\/revisions"}],"predecessor-version":[{"id":2579,"href":"https:\/\/radioparquecde.com\/index.php\/wp-json\/wp\/v2\/posts\/2575\/revisions\/2579"}],"wp:featuredmedia":[{"embeddable":true,"href":"https:\/\/radioparquecde.com\/index.php\/wp-json\/wp\/v2\/media\/2578"}],"wp:attachment":[{"href":"https:\/\/radioparquecde.com\/index.php\/wp-json\/wp\/v2\/media?parent=2575"}],"wp:term":[{"taxonomy":"category","embeddable":true,"href":"https:\/\/radioparquecde.com\/index.php\/wp-json\/wp\/v2\/categories?post=2575"},{"taxonomy":"post_tag","embeddable":true,"href":"https:\/\/radioparquecde.com\/index.php\/wp-json\/wp\/v2\/tags?post=2575"}],"curies":[{"name":"wp","href":"https:\/\/api.w.org\/{rel}","templated":true}]}}