{"id":2585,"date":"2022-06-07T15:20:00","date_gmt":"2022-06-07T19:20:00","guid":{"rendered":"https:\/\/radioparquecde.com\/?p=2585"},"modified":"2022-06-07T15:20:07","modified_gmt":"2022-06-07T19:20:07","slug":"hubo-negociaciones-con-el-pcc-para-asesinar-en-paraguay-al-fiscal-pecci-afirma-general","status":"publish","type":"post","link":"https:\/\/radioparquecde.com\/index.php\/2022\/06\/07\/hubo-negociaciones-con-el-pcc-para-asesinar-en-paraguay-al-fiscal-pecci-afirma-general\/","title":{"rendered":"Hubo negociaciones con el PCC para asesinar en Paraguay al fiscal Pecci, afirma general"},"content":{"rendered":"\n<p>Este martes en conferencia de prensa desde Cartagena, el fiscal general Francisco Barbosa y el general de la Polic\u00eda, Jorge Luis Vargas, dieron detalles sobre la investigaci\u00f3n del asesinato del fiscal Marcelo Pecci. Seg\u00fan Vargas, el atentado contra el agente no se concret\u00f3 en Paraguay por \u201ccuestiones de coordinaci\u00f3n criminal\u201d y que de acuerdo a la hip\u00f3tesis, las negociaciones fueron con el Primer Comando Capital.<\/p>\n\n\n\n<p>\u201cSeg\u00fan lo manifestado por colegas paraguayos en alg\u00fan momento se hab\u00eda contratado, se hab\u00eda puesto en negociaci\u00f3n para que se atentara contra el fiscal Marcelo Pecci con el&nbsp; PCC para que fuera cometido este homicidio en Paraguay. Por cuestiones de coordinaci\u00f3n delincuencial entre ellos ese homicidio no pudo ser consumado en Paraguay y el acuerdo al que llegaron varios de los delincuentes determinadores es que fuera realizado en cualquier parte del mundo\u201d, expres\u00f3 el general.<\/p>\n\n\n\n<p>Asimismo se\u00f1al\u00f3 que est\u00e1n haciendo el esfuerzo para hallar a otras personas que pudieran estar vinculadas en el hecho y que est\u00e1n redoblando los esfuerzos con la Interpol para localizarlos en la brevedad. Con respecto a Gabriel Carlos Luis Salinas, quien fue el conductor de la moto acu\u00e1tica, tienen la informaci\u00f3n de que habr\u00eda buscado refugio en Venezuela.<\/p>\n\n\n\n<p>Por otro lado, el fiscal General Barbosa manifest\u00f3 que las publicaciones en las redes sociales fueron trascendentales para que los supuestos sicarios pudieran hallar al fiscal Pecci, as\u00ed como tambi\u00e9n a los sospechosos adem\u00e1s de las c\u00e1maras p\u00fablicas y privadas que lograron captarlos.<\/p>\n","protected":false},"excerpt":{"rendered":"<p>Este martes en conferencia de prensa desde Cartagena, el fiscal general Francisco Barbosa y el&#8230;<\/p>\n","protected":false},"author":3,"featured_media":2587,"comment_status":"closed","ping_status":"closed","sticky":false,"template":"","format":"standard","meta":{"footnotes":""},"categories":[2,6],"tags":[],"class_list":["post-2585","post","type-post","status-publish","format-standard","has-post-thumbnail","hentry","category-destacadas","category-noticias"],"featured_image_urls":{"full":["https:\/\/radioparquecde.com\/wp-content\/uploads\/2022\/06\/CONFERENCIA.jpg",537,306,false],"thumbnail":["https:\/\/radioparquecde.com\/wp-content\/uploads\/2022\/06\/CONFERENCIA-150x150.jpg",150,150,true],"medium":["https:\/\/radioparquecde.com\/wp-content\/uploads\/2022\/06\/CONFERENCIA-300x171.jpg",300,171,true],"medium_large":["https:\/\/radioparquecde.com\/wp-content\/uploads\/2022\/06\/CONFERENCIA.jpg",537,306,false],"large":["https:\/\/radioparquecde.com\/wp-content\/uploads\/2022\/06\/CONFERENCIA.jpg",537,306,false],"1536x1536":["https:\/\/radioparquecde.com\/wp-content\/uploads\/2022\/06\/CONFERENCIA.jpg",537,306,false],"2048x2048":["https:\/\/radioparquecde.com\/wp-content\/uploads\/2022\/06\/CONFERENCIA.jpg",537,306,false],"newsphere-slider-full":["https:\/\/radioparquecde.com\/wp-content\/uploads\/2022\/06\/CONFERENCIA.jpg",537,306,false],"newsphere-featured":["https:\/\/radioparquecde.com\/wp-content\/uploads\/2022\/06\/CONFERENCIA.jpg",537,306,false],"newsphere-medium":["https:\/\/radioparquecde.com\/wp-content\/uploads\/2022\/06\/CONFERENCIA.jpg",537,306,false]},"author_info":{"display_name":"Editor","author_link":"https:\/\/radioparquecde.com\/index.php\/author\/editor\/"},"category_info":"<a href=\"https:\/\/radioparquecde.com\/index.php\/category\/noticias\/destacadas\/\" rel=\"category tag\">Destacadas<\/a> <a href=\"https:\/\/radioparquecde.com\/index.php\/category\/noticias\/\" rel=\"category tag\">Noticias<\/a>","tag_info":"Noticias","comment_count":"0","_links":{"self":[{"href":"https:\/\/radioparquecde.com\/index.php\/wp-json\/wp\/v2\/posts\/2585","targetHints":{"allow":["GET"]}}],"collection":[{"href":"https:\/\/radioparquecde.com\/index.php\/wp-json\/wp\/v2\/posts"}],"about":[{"href":"https:\/\/radioparquecde.com\/index.php\/wp-json\/wp\/v2\/types\/post"}],"author":[{"embeddable":true,"href":"https:\/\/radioparquecde.com\/index.php\/wp-json\/wp\/v2\/users\/3"}],"replies":[{"embeddable":true,"href":"https:\/\/radioparquecde.com\/index.php\/wp-json\/wp\/v2\/comments?post=2585"}],"version-history":[{"count":1,"href":"https:\/\/radioparquecde.com\/index.php\/wp-json\/wp\/v2\/posts\/2585\/revisions"}],"predecessor-version":[{"id":2588,"href":"https:\/\/radioparquecde.com\/index.php\/wp-json\/wp\/v2\/posts\/2585\/revisions\/2588"}],"wp:featuredmedia":[{"embeddable":true,"href":"https:\/\/radioparquecde.com\/index.php\/wp-json\/wp\/v2\/media\/2587"}],"wp:attachment":[{"href":"https:\/\/radioparquecde.com\/index.php\/wp-json\/wp\/v2\/media?parent=2585"}],"wp:term":[{"taxonomy":"category","embeddable":true,"href":"https:\/\/radioparquecde.com\/index.php\/wp-json\/wp\/v2\/categories?post=2585"},{"taxonomy":"post_tag","embeddable":true,"href":"https:\/\/radioparquecde.com\/index.php\/wp-json\/wp\/v2\/tags?post=2585"}],"curies":[{"name":"wp","href":"https:\/\/api.w.org\/{rel}","templated":true}]}}