{"id":2626,"date":"2022-06-08T17:57:40","date_gmt":"2022-06-08T21:57:40","guid":{"rendered":"https:\/\/radioparquecde.com\/?p=2626"},"modified":"2022-06-08T17:57:42","modified_gmt":"2022-06-08T21:57:42","slug":"robo-una-moto-y-sin-saber-llevo-al-taller-del-hermano-de-la-victima","status":"publish","type":"post","link":"https:\/\/radioparquecde.com\/index.php\/2022\/06\/08\/robo-una-moto-y-sin-saber-llevo-al-taller-del-hermano-de-la-victima\/","title":{"rendered":"ROB\u00d3 UNA MOTO Y SIN SABER LLEV\u00d3 AL TALLER DEL HERMANO DE LA VICTIMA"},"content":{"rendered":"\n<p>Un delincuente algo desafortunado y con un rosario de antecedentes delictivos lleg\u00f3 tranquilamente hasta un taller de motocicletas para solicitar la reparaci\u00f3n de un biciclo como si fuese suyo. El propietario del local r\u00e1pidamente se percat\u00f3 que se trataba de la moto hurtada de su hermano y alert\u00f3 a la comisar\u00eda del barrio. El curioso hecho se produjo el lunes a las 18h en el barrio Santa Ana.<\/p>\n\n\n\n<p>El que fue a parar en la boca del lobo por torpe y termin\u00f3 preso es Salvador Villalba Ca\u00f1ete (40), vecino del asentamiento Bel\u00e9n del barrio Che La Reina, de quien se recuper\u00f3 una motocicleta Motostar 150NT azul, con chapa 490 CCT, que fue hurtada el domingo. Seg\u00fan los registros de la Polic\u00eda Nacional, el malviviente cuenta con un antecedente por hurto agravado, tres por tentativa de robo agravado, tres por robo agravado, dos por tentativa de homicidio doloso y uno por homicidio doloso.<\/p>\n\n\n\n<p>De acuerdo a los datos, en el mencionado horario Villalba lleg\u00f3 hasta el taller de motocicletas Carlitos Repuestos, perteneciente a Carlos Alberto G\u00f3mez Esp\u00ednola (34), y solicit\u00f3 algunas reparaciones al mencionado biciclo. Al observar la moto, el due\u00f1o del taller reconoci\u00f3 algunas caracter\u00edsticas y se percat\u00f3 que se trataba del biciclo que fue hurtado de su hermano Arnaldo Dami\u00e1n G\u00f3mez Esp\u00ednola (20) un d\u00eda antes.<\/p>\n\n\n\n<p>Ante el flagrante alert\u00f3 a la subcomisar\u00eda 3ra y los uniformados llegaron algunos minutos despu\u00e9s para proceder a la aprehensi\u00f3n de Villalba.<\/p>\n\n\n\n<p>Los uniformados no indicaron si fue el propio Villalba que cometi\u00f3 el hurto del biciclo o si solamente lo redujo de otra persona y lo llev\u00f3 al taller. Tras su aprehensi\u00f3n qued\u00f3 recluido en la Direcci\u00f3n de Polic\u00eda a cargo de la fiscal Carolina Gadea.<\/p>\n\n\n\n<figure class=\"wp-block-image size-full\"><img loading=\"lazy\" decoding=\"async\" width=\"526\" height=\"583\" src=\"https:\/\/radioparquecde.com\/wp-content\/uploads\/2022\/06\/286930205_2050087798497049_6140177238621090955_n.jpg\" alt=\"\" class=\"wp-image-2628\" srcset=\"https:\/\/radioparquecde.com\/wp-content\/uploads\/2022\/06\/286930205_2050087798497049_6140177238621090955_n.jpg 526w, https:\/\/radioparquecde.com\/wp-content\/uploads\/2022\/06\/286930205_2050087798497049_6140177238621090955_n-271x300.jpg 271w\" sizes=\"auto, (max-width: 526px) 100vw, 526px\" \/><\/figure>\n","protected":false},"excerpt":{"rendered":"<p>Un delincuente algo desafortunado y con un rosario de antecedentes delictivos lleg\u00f3 tranquilamente hasta un&#8230;<\/p>\n","protected":false},"author":3,"featured_media":2629,"comment_status":"closed","ping_status":"closed","sticky":false,"template":"","format":"standard","meta":{"footnotes":""},"categories":[48,6],"tags":[],"class_list":["post-2626","post","type-post","status-publish","format-standard","has-post-thumbnail","hentry","category-alto-parana","category-noticias"],"featured_image_urls":{"full":["https:\/\/radioparquecde.com\/wp-content\/uploads\/2022\/06\/286930205_2050087798497049_6140177238621090955_n-1.jpg",526,583,false],"thumbnail":["https:\/\/radioparquecde.com\/wp-content\/uploads\/2022\/06\/286930205_2050087798497049_6140177238621090955_n-1-150x150.jpg",150,150,true],"medium":["https:\/\/radioparquecde.com\/wp-content\/uploads\/2022\/06\/286930205_2050087798497049_6140177238621090955_n-1-271x300.jpg",271,300,true],"medium_large":["https:\/\/radioparquecde.com\/wp-content\/uploads\/2022\/06\/286930205_2050087798497049_6140177238621090955_n-1.jpg",526,583,false],"large":["https:\/\/radioparquecde.com\/wp-content\/uploads\/2022\/06\/286930205_2050087798497049_6140177238621090955_n-1.jpg",526,583,false],"1536x1536":["https:\/\/radioparquecde.com\/wp-content\/uploads\/2022\/06\/286930205_2050087798497049_6140177238621090955_n-1.jpg",526,583,false],"2048x2048":["https:\/\/radioparquecde.com\/wp-content\/uploads\/2022\/06\/286930205_2050087798497049_6140177238621090955_n-1.jpg",526,583,false],"newsphere-slider-full":["https:\/\/radioparquecde.com\/wp-content\/uploads\/2022\/06\/286930205_2050087798497049_6140177238621090955_n-1.jpg",526,583,false],"newsphere-featured":["https:\/\/radioparquecde.com\/wp-content\/uploads\/2022\/06\/286930205_2050087798497049_6140177238621090955_n-1.jpg",526,583,false],"newsphere-medium":["https:\/\/radioparquecde.com\/wp-content\/uploads\/2022\/06\/286930205_2050087798497049_6140177238621090955_n-1-526x380.jpg",526,380,true]},"author_info":{"display_name":"Editor","author_link":"https:\/\/radioparquecde.com\/index.php\/author\/editor\/"},"category_info":"<a href=\"https:\/\/radioparquecde.com\/index.php\/category\/alto-parana\/\" rel=\"category tag\">ALTO PARAN\u00c1<\/a> <a href=\"https:\/\/radioparquecde.com\/index.php\/category\/noticias\/\" rel=\"category tag\">Noticias<\/a>","tag_info":"Noticias","comment_count":"0","_links":{"self":[{"href":"https:\/\/radioparquecde.com\/index.php\/wp-json\/wp\/v2\/posts\/2626","targetHints":{"allow":["GET"]}}],"collection":[{"href":"https:\/\/radioparquecde.com\/index.php\/wp-json\/wp\/v2\/posts"}],"about":[{"href":"https:\/\/radioparquecde.com\/index.php\/wp-json\/wp\/v2\/types\/post"}],"author":[{"embeddable":true,"href":"https:\/\/radioparquecde.com\/index.php\/wp-json\/wp\/v2\/users\/3"}],"replies":[{"embeddable":true,"href":"https:\/\/radioparquecde.com\/index.php\/wp-json\/wp\/v2\/comments?post=2626"}],"version-history":[{"count":1,"href":"https:\/\/radioparquecde.com\/index.php\/wp-json\/wp\/v2\/posts\/2626\/revisions"}],"predecessor-version":[{"id":2630,"href":"https:\/\/radioparquecde.com\/index.php\/wp-json\/wp\/v2\/posts\/2626\/revisions\/2630"}],"wp:featuredmedia":[{"embeddable":true,"href":"https:\/\/radioparquecde.com\/index.php\/wp-json\/wp\/v2\/media\/2629"}],"wp:attachment":[{"href":"https:\/\/radioparquecde.com\/index.php\/wp-json\/wp\/v2\/media?parent=2626"}],"wp:term":[{"taxonomy":"category","embeddable":true,"href":"https:\/\/radioparquecde.com\/index.php\/wp-json\/wp\/v2\/categories?post=2626"},{"taxonomy":"post_tag","embeddable":true,"href":"https:\/\/radioparquecde.com\/index.php\/wp-json\/wp\/v2\/tags?post=2626"}],"curies":[{"name":"wp","href":"https:\/\/api.w.org\/{rel}","templated":true}]}}