{"id":2711,"date":"2022-06-13T08:31:33","date_gmt":"2022-06-13T12:31:33","guid":{"rendered":"https:\/\/radioparquecde.com\/?p=2711"},"modified":"2022-06-13T08:31:35","modified_gmt":"2022-06-13T12:31:35","slug":"los-comerciantes-de-cde-vendieron-muy-bien-el-ultimo-fin-de-semana","status":"publish","type":"post","link":"https:\/\/radioparquecde.com\/index.php\/2022\/06\/13\/los-comerciantes-de-cde-vendieron-muy-bien-el-ultimo-fin-de-semana\/","title":{"rendered":"Los comerciantes de CDE vendieron \u201cmuy bien\u201d el \u00faltimo fin de semana"},"content":{"rendered":"\n<p>Un importante movimiento comercial se registr\u00f3 el fin de semana \u00faltimo en el microcentro de Ciudad del Este. Los trabajadores de la v\u00eda p\u00fablica reportaron buenas ventas, teniendo en cuenta que ayer se celebr\u00f3 el D\u00eda de los Enamorados en Brasil. Al respecto, V\u00edctor L\u00f3pez, del sector minorista de la avenida San Blas, se\u00f1al\u00f3 que de a poco el turismo de compras se fortalece, luego de dos a\u00f1os de p\u00e9rdida a consecuencia de la pandemia del Covid-19.<\/p>\n\n\n\n<p>El D\u00eda de los Enamorados es considerado el tercer de mayor movimiento comercial, quedando detr\u00e1s solo de las fiestas de Navidad y el D\u00eda de la Madre.&nbsp; Seg\u00fan la Federaci\u00f3n de Comercio del Brasil, los brasileros gastan en promedio hasta 140 reales en esta fecha.<\/p>\n\n\n\n<p>Ante este escenario, el feriado en el vecino pa\u00eds anim\u00f3 a la zona comercial de Ciudad del Este, pues cientos de turistas realizaron todo tipo de compras para los obsequios al ser amado.<\/p>\n\n\n\n<p>El comerciante V\u00edctor L\u00f3pez expres\u00f3 que el sector minorista vendi\u00f3 \u201cmuy bien\u201d el fin de semana \u00faltimo. \u201cEn el microcentro en una semana no vendes nada y al otro vendes mucho y entre el viernes, s\u00e1bado y domingo, hubo mucha concurrencia de gente por el D\u00eda de los Enamorados en Brasil\u201d, indic\u00f3.<\/p>\n\n\n\n<p>Se\u00f1al\u00f3 que en forma general, el movimiento comercial subi\u00f3, dado que la moneda brasilera se encuentra estable frente al d\u00f3lar. \u201cEn comparaci\u00f3n al mismo periodo del a\u00f1o pasado, las ventas aumentaron alrededor del 50%\u201d, mencion\u00f3.<\/p>\n\n\n\n<figure class=\"wp-block-image size-full\"><img loading=\"lazy\" decoding=\"async\" width=\"720\" height=\"317\" src=\"https:\/\/radioparquecde.com\/wp-content\/uploads\/2022\/06\/PAG-7-A-3.jpeg\" alt=\"\" class=\"wp-image-2713\" srcset=\"https:\/\/radioparquecde.com\/wp-content\/uploads\/2022\/06\/PAG-7-A-3.jpeg 720w, https:\/\/radioparquecde.com\/wp-content\/uploads\/2022\/06\/PAG-7-A-3-300x132.jpeg 300w\" sizes=\"auto, (max-width: 720px) 100vw, 720px\" \/><\/figure>\n","protected":false},"excerpt":{"rendered":"<p>Un importante movimiento comercial se registr\u00f3 el fin de semana \u00faltimo en el microcentro de&#8230;<\/p>\n","protected":false},"author":3,"featured_media":2714,"comment_status":"closed","ping_status":"closed","sticky":false,"template":"","format":"standard","meta":{"footnotes":""},"categories":[48,5],"tags":[],"class_list":["post-2711","post","type-post","status-publish","format-standard","has-post-thumbnail","hentry","category-alto-parana","category-economia"],"featured_image_urls":{"full":["https:\/\/radioparquecde.com\/wp-content\/uploads\/2022\/06\/PAG-7-A-3-1.jpeg",720,317,false],"thumbnail":["https:\/\/radioparquecde.com\/wp-content\/uploads\/2022\/06\/PAG-7-A-3-1-150x150.jpeg",150,150,true],"medium":["https:\/\/radioparquecde.com\/wp-content\/uploads\/2022\/06\/PAG-7-A-3-1-300x132.jpeg",300,132,true],"medium_large":["https:\/\/radioparquecde.com\/wp-content\/uploads\/2022\/06\/PAG-7-A-3-1.jpeg",640,282,false],"large":["https:\/\/radioparquecde.com\/wp-content\/uploads\/2022\/06\/PAG-7-A-3-1.jpeg",640,282,false],"1536x1536":["https:\/\/radioparquecde.com\/wp-content\/uploads\/2022\/06\/PAG-7-A-3-1.jpeg",720,317,false],"2048x2048":["https:\/\/radioparquecde.com\/wp-content\/uploads\/2022\/06\/PAG-7-A-3-1.jpeg",720,317,false],"newsphere-slider-full":["https:\/\/radioparquecde.com\/wp-content\/uploads\/2022\/06\/PAG-7-A-3-1.jpeg",720,317,false],"newsphere-featured":["https:\/\/radioparquecde.com\/wp-content\/uploads\/2022\/06\/PAG-7-A-3-1.jpeg",720,317,false],"newsphere-medium":["https:\/\/radioparquecde.com\/wp-content\/uploads\/2022\/06\/PAG-7-A-3-1.jpeg",720,317,false]},"author_info":{"display_name":"Editor","author_link":"https:\/\/radioparquecde.com\/index.php\/author\/editor\/"},"category_info":"<a href=\"https:\/\/radioparquecde.com\/index.php\/category\/alto-parana\/\" rel=\"category tag\">ALTO PARAN\u00c1<\/a> <a href=\"https:\/\/radioparquecde.com\/index.php\/category\/noticias\/economia\/\" rel=\"category tag\">Econom\u00eda<\/a>","tag_info":"Econom\u00eda","comment_count":"0","_links":{"self":[{"href":"https:\/\/radioparquecde.com\/index.php\/wp-json\/wp\/v2\/posts\/2711","targetHints":{"allow":["GET"]}}],"collection":[{"href":"https:\/\/radioparquecde.com\/index.php\/wp-json\/wp\/v2\/posts"}],"about":[{"href":"https:\/\/radioparquecde.com\/index.php\/wp-json\/wp\/v2\/types\/post"}],"author":[{"embeddable":true,"href":"https:\/\/radioparquecde.com\/index.php\/wp-json\/wp\/v2\/users\/3"}],"replies":[{"embeddable":true,"href":"https:\/\/radioparquecde.com\/index.php\/wp-json\/wp\/v2\/comments?post=2711"}],"version-history":[{"count":1,"href":"https:\/\/radioparquecde.com\/index.php\/wp-json\/wp\/v2\/posts\/2711\/revisions"}],"predecessor-version":[{"id":2715,"href":"https:\/\/radioparquecde.com\/index.php\/wp-json\/wp\/v2\/posts\/2711\/revisions\/2715"}],"wp:featuredmedia":[{"embeddable":true,"href":"https:\/\/radioparquecde.com\/index.php\/wp-json\/wp\/v2\/media\/2714"}],"wp:attachment":[{"href":"https:\/\/radioparquecde.com\/index.php\/wp-json\/wp\/v2\/media?parent=2711"}],"wp:term":[{"taxonomy":"category","embeddable":true,"href":"https:\/\/radioparquecde.com\/index.php\/wp-json\/wp\/v2\/categories?post=2711"},{"taxonomy":"post_tag","embeddable":true,"href":"https:\/\/radioparquecde.com\/index.php\/wp-json\/wp\/v2\/tags?post=2711"}],"curies":[{"name":"wp","href":"https:\/\/api.w.org\/{rel}","templated":true}]}}