{"id":2749,"date":"2022-06-13T14:37:51","date_gmt":"2022-06-13T18:37:51","guid":{"rendered":"https:\/\/radioparquecde.com\/?p=2749"},"modified":"2022-06-13T14:37:53","modified_gmt":"2022-06-13T18:37:53","slug":"suman-a-cuatro-los-imputados-por-el-plan-de-secuestro-en-campo-9","status":"publish","type":"post","link":"https:\/\/radioparquecde.com\/index.php\/2022\/06\/13\/suman-a-cuatro-los-imputados-por-el-plan-de-secuestro-en-campo-9\/","title":{"rendered":"Suman a cuatro los imputados por el plan de secuestro en Campo 9"},"content":{"rendered":"\n<p>Luego de escuchar por espacio de m\u00e1s de siete horas a uno de los detenidos por organizar un secuestro en la zona de J. Eulogio Estigarribia (ex Campo 9), el fiscal antisecuestro Alberto Torres imput\u00f3 a un cuarto integrante de la banda criminal, del cual uno se encuentra pr\u00f3fugo y declarado rebelde por el juzgado de garant\u00edas de la causa.<\/p>\n\n\n\n<p>A Cristhian Miguel Scavone Guerrero, Allan Hildebrand El\u00edas, Celso Ariel Vera Paredes, todos ya recluidos por disposici\u00f3n judicial, se suma Rosendo Lugen Mendoza, cuyos datos a\u00fan se desconocen por hallarse rebelde y con orden de detenci\u00f3n preventiva en consecuencia.<\/p>\n\n\n\n<p>Los hechos punibles imputados por la representaci\u00f3n p\u00fablica son secuestro, amenaza de hecho punible y asociaci\u00f3n criminal, conforme acta de imputaci\u00f3n presentada el viernes de la semana pasada, al cumplimiento de la ampliaci\u00f3n de plazo requerida por el fiscal de la causa, quien escuch\u00f3 a uno de los detenidos.<\/p>\n\n\n\n<p>Scavone Guerrero fue el primero en ser privado de libertad por personal policial de la comisar\u00eda 10\u00aa de Juan Le\u00f3n Mallorqu\u00edn. De su poder fue incautado un fusil tipo Galil y otro del tipo Airsoft M4, ambos en r\u00e9plica, que ser\u00edan utilizados para el plagio de un ni\u00f1o de 9 a\u00f1os, hijo de un productor agr\u00edcola de Campo 9.<\/p>\n\n\n\n<p>La v\u00edctima habr\u00eda sido un medio hermano de Vera Paredes, quien entreg\u00f3 un croquis de la casa para la toma del reh\u00e9n. El mapa y las armas fueron encontrados en el interior de un autom\u00f3vil Kia Picanto a bordo del que se encontraba el primero de los detenidos.<\/p>\n\n\n\n<figure class=\"wp-block-image size-full\"><img loading=\"lazy\" decoding=\"async\" width=\"730\" height=\"460\" src=\"https:\/\/radioparquecde.com\/wp-content\/uploads\/2022\/06\/PAG-11-A-2.jpeg\" alt=\"\" class=\"wp-image-2751\" srcset=\"https:\/\/radioparquecde.com\/wp-content\/uploads\/2022\/06\/PAG-11-A-2.jpeg 730w, https:\/\/radioparquecde.com\/wp-content\/uploads\/2022\/06\/PAG-11-A-2-300x189.jpeg 300w\" sizes=\"auto, (max-width: 730px) 100vw, 730px\" \/><\/figure>\n","protected":false},"excerpt":{"rendered":"<p>Luego de escuchar por espacio de m\u00e1s de siete horas a uno de los detenidos&#8230;<\/p>\n","protected":false},"author":3,"featured_media":2752,"comment_status":"closed","ping_status":"closed","sticky":false,"template":"","format":"standard","meta":{"footnotes":""},"categories":[2,6],"tags":[],"class_list":["post-2749","post","type-post","status-publish","format-standard","has-post-thumbnail","hentry","category-destacadas","category-noticias"],"featured_image_urls":{"full":["https:\/\/radioparquecde.com\/wp-content\/uploads\/2022\/06\/PAG-11-A-2-1.jpeg",730,460,false],"thumbnail":["https:\/\/radioparquecde.com\/wp-content\/uploads\/2022\/06\/PAG-11-A-2-1-150x150.jpeg",150,150,true],"medium":["https:\/\/radioparquecde.com\/wp-content\/uploads\/2022\/06\/PAG-11-A-2-1-300x189.jpeg",300,189,true],"medium_large":["https:\/\/radioparquecde.com\/wp-content\/uploads\/2022\/06\/PAG-11-A-2-1.jpeg",640,403,false],"large":["https:\/\/radioparquecde.com\/wp-content\/uploads\/2022\/06\/PAG-11-A-2-1.jpeg",640,403,false],"1536x1536":["https:\/\/radioparquecde.com\/wp-content\/uploads\/2022\/06\/PAG-11-A-2-1.jpeg",730,460,false],"2048x2048":["https:\/\/radioparquecde.com\/wp-content\/uploads\/2022\/06\/PAG-11-A-2-1.jpeg",730,460,false],"newsphere-slider-full":["https:\/\/radioparquecde.com\/wp-content\/uploads\/2022\/06\/PAG-11-A-2-1.jpeg",730,460,false],"newsphere-featured":["https:\/\/radioparquecde.com\/wp-content\/uploads\/2022\/06\/PAG-11-A-2-1.jpeg",730,460,false],"newsphere-medium":["https:\/\/radioparquecde.com\/wp-content\/uploads\/2022\/06\/PAG-11-A-2-1-720x380.jpeg",720,380,true]},"author_info":{"display_name":"Editor","author_link":"https:\/\/radioparquecde.com\/index.php\/author\/editor\/"},"category_info":"<a href=\"https:\/\/radioparquecde.com\/index.php\/category\/noticias\/destacadas\/\" rel=\"category tag\">Destacadas<\/a> <a href=\"https:\/\/radioparquecde.com\/index.php\/category\/noticias\/\" rel=\"category tag\">Noticias<\/a>","tag_info":"Noticias","comment_count":"0","_links":{"self":[{"href":"https:\/\/radioparquecde.com\/index.php\/wp-json\/wp\/v2\/posts\/2749","targetHints":{"allow":["GET"]}}],"collection":[{"href":"https:\/\/radioparquecde.com\/index.php\/wp-json\/wp\/v2\/posts"}],"about":[{"href":"https:\/\/radioparquecde.com\/index.php\/wp-json\/wp\/v2\/types\/post"}],"author":[{"embeddable":true,"href":"https:\/\/radioparquecde.com\/index.php\/wp-json\/wp\/v2\/users\/3"}],"replies":[{"embeddable":true,"href":"https:\/\/radioparquecde.com\/index.php\/wp-json\/wp\/v2\/comments?post=2749"}],"version-history":[{"count":1,"href":"https:\/\/radioparquecde.com\/index.php\/wp-json\/wp\/v2\/posts\/2749\/revisions"}],"predecessor-version":[{"id":2753,"href":"https:\/\/radioparquecde.com\/index.php\/wp-json\/wp\/v2\/posts\/2749\/revisions\/2753"}],"wp:featuredmedia":[{"embeddable":true,"href":"https:\/\/radioparquecde.com\/index.php\/wp-json\/wp\/v2\/media\/2752"}],"wp:attachment":[{"href":"https:\/\/radioparquecde.com\/index.php\/wp-json\/wp\/v2\/media?parent=2749"}],"wp:term":[{"taxonomy":"category","embeddable":true,"href":"https:\/\/radioparquecde.com\/index.php\/wp-json\/wp\/v2\/categories?post=2749"},{"taxonomy":"post_tag","embeddable":true,"href":"https:\/\/radioparquecde.com\/index.php\/wp-json\/wp\/v2\/tags?post=2749"}],"curies":[{"name":"wp","href":"https:\/\/api.w.org\/{rel}","templated":true}]}}