{"id":2840,"date":"2022-06-16T08:07:39","date_gmt":"2022-06-16T12:07:39","guid":{"rendered":"https:\/\/radioparquecde.com\/?p=2840"},"modified":"2022-06-16T08:07:41","modified_gmt":"2022-06-16T12:07:41","slug":"reviso-el-celular-de-su-pareja-pero-fue-a-parar-a-la-comisaria","status":"publish","type":"post","link":"https:\/\/radioparquecde.com\/index.php\/2022\/06\/16\/reviso-el-celular-de-su-pareja-pero-fue-a-parar-a-la-comisaria\/","title":{"rendered":"Reviso el celular de su pareja pero fue a parar a la comisaria"},"content":{"rendered":"\n<p>Se trata de Evelin Aquino Peralta (20)<\/p>\n\n\n\n<p>quien fue aprehendida por la polic\u00eda nacional por violencia familiar ocurri\u00f3 en la ciudad de Santa Rita<\/p>\n\n\n\n<p>Seg\u00fan la denuncia policial vecinos llamaron a la polic\u00eda tras escuchar que el hombre estaba siendo golpeado por su pareja,. Aparentemente la pelea hab\u00eda iniciado a ra\u00edz de que la mujer reviso el celular del hombre<\/p>\n\n\n\n<p>El hecho fue comunicado al Ministerio P\u00fablico, a cargo del Fiscal de turno Eduardo Grau quien dispuso que la mujer permanezca en la comisar\u00eda<\/p>\n\n\n\n<p>Tambi\u00e9n se comunic\u00f3 a la CODENI de Santa Rita ya que hab\u00eda una menor de edad en la casa.<\/p>\n\n\n\n<figure class=\"wp-block-image size-large\"><img loading=\"lazy\" decoding=\"async\" width=\"766\" height=\"1024\" src=\"https:\/\/radioparquecde.com\/wp-content\/uploads\/2022\/06\/288184192_857903212279722_6894880512772672624_n-766x1024.jpg\" alt=\"\" class=\"wp-image-2842\" srcset=\"https:\/\/radioparquecde.com\/wp-content\/uploads\/2022\/06\/288184192_857903212279722_6894880512772672624_n-766x1024.jpg 766w, https:\/\/radioparquecde.com\/wp-content\/uploads\/2022\/06\/288184192_857903212279722_6894880512772672624_n-224x300.jpg 224w, https:\/\/radioparquecde.com\/wp-content\/uploads\/2022\/06\/288184192_857903212279722_6894880512772672624_n-768x1026.jpg 768w, https:\/\/radioparquecde.com\/wp-content\/uploads\/2022\/06\/288184192_857903212279722_6894880512772672624_n.jpg 868w\" sizes=\"auto, (max-width: 766px) 100vw, 766px\" \/><\/figure>\n","protected":false},"excerpt":{"rendered":"<p>Se trata de Evelin Aquino Peralta (20) quien fue aprehendida por la polic\u00eda nacional por&#8230;<\/p>\n","protected":false},"author":3,"featured_media":2843,"comment_status":"closed","ping_status":"closed","sticky":false,"template":"","format":"standard","meta":{"footnotes":""},"categories":[48,47],"tags":[],"class_list":["post-2840","post","type-post","status-publish","format-standard","has-post-thumbnail","hentry","category-alto-parana","category-sucesos"],"featured_image_urls":{"full":["https:\/\/radioparquecde.com\/wp-content\/uploads\/2022\/06\/288184192_857903212279722_6894880512772672624_n-1.jpg",868,1160,false],"thumbnail":["https:\/\/radioparquecde.com\/wp-content\/uploads\/2022\/06\/288184192_857903212279722_6894880512772672624_n-1-150x150.jpg",150,150,true],"medium":["https:\/\/radioparquecde.com\/wp-content\/uploads\/2022\/06\/288184192_857903212279722_6894880512772672624_n-1-224x300.jpg",224,300,true],"medium_large":["https:\/\/radioparquecde.com\/wp-content\/uploads\/2022\/06\/288184192_857903212279722_6894880512772672624_n-1-768x1026.jpg",640,855,true],"large":["https:\/\/radioparquecde.com\/wp-content\/uploads\/2022\/06\/288184192_857903212279722_6894880512772672624_n-1-766x1024.jpg",640,856,true],"1536x1536":["https:\/\/radioparquecde.com\/wp-content\/uploads\/2022\/06\/288184192_857903212279722_6894880512772672624_n-1.jpg",868,1160,false],"2048x2048":["https:\/\/radioparquecde.com\/wp-content\/uploads\/2022\/06\/288184192_857903212279722_6894880512772672624_n-1.jpg",868,1160,false],"newsphere-slider-full":["https:\/\/radioparquecde.com\/wp-content\/uploads\/2022\/06\/288184192_857903212279722_6894880512772672624_n-1-868x720.jpg",868,720,true],"newsphere-featured":["https:\/\/radioparquecde.com\/wp-content\/uploads\/2022\/06\/288184192_857903212279722_6894880512772672624_n-1.jpg",868,1160,false],"newsphere-medium":["https:\/\/radioparquecde.com\/wp-content\/uploads\/2022\/06\/288184192_857903212279722_6894880512772672624_n-1-720x380.jpg",720,380,true]},"author_info":{"display_name":"Editor","author_link":"https:\/\/radioparquecde.com\/index.php\/author\/editor\/"},"category_info":"<a href=\"https:\/\/radioparquecde.com\/index.php\/category\/alto-parana\/\" rel=\"category tag\">ALTO PARAN\u00c1<\/a> <a href=\"https:\/\/radioparquecde.com\/index.php\/category\/sucesos\/\" rel=\"category tag\">SUCESOS<\/a>","tag_info":"SUCESOS","comment_count":"0","_links":{"self":[{"href":"https:\/\/radioparquecde.com\/index.php\/wp-json\/wp\/v2\/posts\/2840","targetHints":{"allow":["GET"]}}],"collection":[{"href":"https:\/\/radioparquecde.com\/index.php\/wp-json\/wp\/v2\/posts"}],"about":[{"href":"https:\/\/radioparquecde.com\/index.php\/wp-json\/wp\/v2\/types\/post"}],"author":[{"embeddable":true,"href":"https:\/\/radioparquecde.com\/index.php\/wp-json\/wp\/v2\/users\/3"}],"replies":[{"embeddable":true,"href":"https:\/\/radioparquecde.com\/index.php\/wp-json\/wp\/v2\/comments?post=2840"}],"version-history":[{"count":1,"href":"https:\/\/radioparquecde.com\/index.php\/wp-json\/wp\/v2\/posts\/2840\/revisions"}],"predecessor-version":[{"id":2844,"href":"https:\/\/radioparquecde.com\/index.php\/wp-json\/wp\/v2\/posts\/2840\/revisions\/2844"}],"wp:featuredmedia":[{"embeddable":true,"href":"https:\/\/radioparquecde.com\/index.php\/wp-json\/wp\/v2\/media\/2843"}],"wp:attachment":[{"href":"https:\/\/radioparquecde.com\/index.php\/wp-json\/wp\/v2\/media?parent=2840"}],"wp:term":[{"taxonomy":"category","embeddable":true,"href":"https:\/\/radioparquecde.com\/index.php\/wp-json\/wp\/v2\/categories?post=2840"},{"taxonomy":"post_tag","embeddable":true,"href":"https:\/\/radioparquecde.com\/index.php\/wp-json\/wp\/v2\/tags?post=2840"}],"curies":[{"name":"wp","href":"https:\/\/api.w.org\/{rel}","templated":true}]}}