{"id":2881,"date":"2022-06-16T16:59:58","date_gmt":"2022-06-16T20:59:58","guid":{"rendered":"https:\/\/radioparquecde.com\/?p=2881"},"modified":"2022-06-16T17:00:00","modified_gmt":"2022-06-16T21:00:00","slug":"insolito-casamiento-de-una-mujer-con-un-muneco-de-trapo-nos-amamos-y-tenemos-un-bebe","status":"publish","type":"post","link":"https:\/\/radioparquecde.com\/index.php\/2022\/06\/16\/insolito-casamiento-de-una-mujer-con-un-muneco-de-trapo-nos-amamos-y-tenemos-un-bebe\/","title":{"rendered":"Ins\u00f3lito casamiento de una mujer con un mu\u00f1eco de trapo: \u201cNos amamos y tenemos un beb\u00e9\u201d"},"content":{"rendered":"\n<p><strong>Una peculiar celebraci\u00f3n del amor trascendi\u00f3 en las redes sociales cuando Merivone Rocha Moraes, una bailarina brasile\u00f1a de 37 a\u00f1os de edad, contrajera matrimonio con el mu\u00f1eco de trapo que su madre le confeccion\u00f3 para que tuviera un compa\u00f1ero de baile.<\/strong><\/p>\n\n\n\n<p><strong>La mujer explic\u00f3 que realiz\u00f3 todo el evento para conseguir la atenci\u00f3n y patrocinio de los medios y as\u00ed poder comprarse una casa. \u201cMi sue\u00f1o era vestirme de novia. Se me ocurri\u00f3 la idea de hacer la boda para llamar la atenci\u00f3n de los programas de televisi\u00f3n para que me ayudaran a conseguir una casa. Quiero ganarme una casa y por eso decid\u00ed casarme con Marcelo\u201d.<\/strong><\/p>\n\n\n\n<p><strong>La brasile\u00f1a coment\u00f3 que ella es bailarina de Forr\u00f3 y que necesitaba un compa\u00f1ero de baile a su medida, entonces acudi\u00f3 a su madre y ella le fabric\u00f3 una pareja para que pudiera ensayar. Luego, la novia coment\u00f3 que \u201cSu sue\u00f1o era vestirse de novia\u201d y as\u00ed naci\u00f3 la historia de amor que se hizo viral.<\/strong><\/p>\n\n\n\n<p><strong>La boda de Merivone y su esposo Marcelo, como fue nombrado, se transmiti\u00f3 en vivo en varias plataformas sociales como TikTok, consiguiendo gran reacci\u00f3n de todos los usuarios. Conseguida la atenci\u00f3n de los medios y el patrocinio buscado, la pareja incluso se fue de luna de miel a Rio de Janeiro.<\/strong><\/p>\n\n\n\n<figure class=\"wp-block-image size-full\"><img loading=\"lazy\" decoding=\"async\" width=\"760\" height=\"420\" src=\"https:\/\/radioparquecde.com\/wp-content\/uploads\/2022\/06\/boda-muneco-de-trapo-760x420-1.jpg\" alt=\"\" class=\"wp-image-2883\" srcset=\"https:\/\/radioparquecde.com\/wp-content\/uploads\/2022\/06\/boda-muneco-de-trapo-760x420-1.jpg 760w, https:\/\/radioparquecde.com\/wp-content\/uploads\/2022\/06\/boda-muneco-de-trapo-760x420-1-300x166.jpg 300w\" sizes=\"auto, (max-width: 760px) 100vw, 760px\" \/><\/figure>\n","protected":false},"excerpt":{"rendered":"<p>Una peculiar celebraci\u00f3n del amor trascendi\u00f3 en las redes sociales cuando Merivone Rocha Moraes, una&#8230;<\/p>\n","protected":false},"author":3,"featured_media":2884,"comment_status":"closed","ping_status":"closed","sticky":false,"template":"","format":"standard","meta":{"footnotes":""},"categories":[6,47],"tags":[],"class_list":["post-2881","post","type-post","status-publish","format-standard","has-post-thumbnail","hentry","category-noticias","category-sucesos"],"featured_image_urls":{"full":["https:\/\/radioparquecde.com\/wp-content\/uploads\/2022\/06\/boda-muneco-de-trapo-760x420-2.jpg",760,420,false],"thumbnail":["https:\/\/radioparquecde.com\/wp-content\/uploads\/2022\/06\/boda-muneco-de-trapo-760x420-2-150x150.jpg",150,150,true],"medium":["https:\/\/radioparquecde.com\/wp-content\/uploads\/2022\/06\/boda-muneco-de-trapo-760x420-2-300x166.jpg",300,166,true],"medium_large":["https:\/\/radioparquecde.com\/wp-content\/uploads\/2022\/06\/boda-muneco-de-trapo-760x420-2.jpg",640,354,false],"large":["https:\/\/radioparquecde.com\/wp-content\/uploads\/2022\/06\/boda-muneco-de-trapo-760x420-2.jpg",640,354,false],"1536x1536":["https:\/\/radioparquecde.com\/wp-content\/uploads\/2022\/06\/boda-muneco-de-trapo-760x420-2.jpg",760,420,false],"2048x2048":["https:\/\/radioparquecde.com\/wp-content\/uploads\/2022\/06\/boda-muneco-de-trapo-760x420-2.jpg",760,420,false],"newsphere-slider-full":["https:\/\/radioparquecde.com\/wp-content\/uploads\/2022\/06\/boda-muneco-de-trapo-760x420-2.jpg",760,420,false],"newsphere-featured":["https:\/\/radioparquecde.com\/wp-content\/uploads\/2022\/06\/boda-muneco-de-trapo-760x420-2.jpg",760,420,false],"newsphere-medium":["https:\/\/radioparquecde.com\/wp-content\/uploads\/2022\/06\/boda-muneco-de-trapo-760x420-2-720x380.jpg",720,380,true]},"author_info":{"display_name":"Editor","author_link":"https:\/\/radioparquecde.com\/index.php\/author\/editor\/"},"category_info":"<a href=\"https:\/\/radioparquecde.com\/index.php\/category\/noticias\/\" rel=\"category tag\">Noticias<\/a> <a href=\"https:\/\/radioparquecde.com\/index.php\/category\/sucesos\/\" rel=\"category tag\">SUCESOS<\/a>","tag_info":"SUCESOS","comment_count":"0","_links":{"self":[{"href":"https:\/\/radioparquecde.com\/index.php\/wp-json\/wp\/v2\/posts\/2881","targetHints":{"allow":["GET"]}}],"collection":[{"href":"https:\/\/radioparquecde.com\/index.php\/wp-json\/wp\/v2\/posts"}],"about":[{"href":"https:\/\/radioparquecde.com\/index.php\/wp-json\/wp\/v2\/types\/post"}],"author":[{"embeddable":true,"href":"https:\/\/radioparquecde.com\/index.php\/wp-json\/wp\/v2\/users\/3"}],"replies":[{"embeddable":true,"href":"https:\/\/radioparquecde.com\/index.php\/wp-json\/wp\/v2\/comments?post=2881"}],"version-history":[{"count":1,"href":"https:\/\/radioparquecde.com\/index.php\/wp-json\/wp\/v2\/posts\/2881\/revisions"}],"predecessor-version":[{"id":2885,"href":"https:\/\/radioparquecde.com\/index.php\/wp-json\/wp\/v2\/posts\/2881\/revisions\/2885"}],"wp:featuredmedia":[{"embeddable":true,"href":"https:\/\/radioparquecde.com\/index.php\/wp-json\/wp\/v2\/media\/2884"}],"wp:attachment":[{"href":"https:\/\/radioparquecde.com\/index.php\/wp-json\/wp\/v2\/media?parent=2881"}],"wp:term":[{"taxonomy":"category","embeddable":true,"href":"https:\/\/radioparquecde.com\/index.php\/wp-json\/wp\/v2\/categories?post=2881"},{"taxonomy":"post_tag","embeddable":true,"href":"https:\/\/radioparquecde.com\/index.php\/wp-json\/wp\/v2\/tags?post=2881"}],"curies":[{"name":"wp","href":"https:\/\/api.w.org\/{rel}","templated":true}]}}