{"id":2897,"date":"2022-06-17T10:13:24","date_gmt":"2022-06-17T14:13:24","guid":{"rendered":"https:\/\/radioparquecde.com\/?p=2897"},"modified":"2022-06-17T10:13:26","modified_gmt":"2022-06-17T14:13:26","slug":"exconvicto-robo-una-moto-y-fue-detenido-tras-intensa-persecucion-en-pdte-franco","status":"publish","type":"post","link":"https:\/\/radioparquecde.com\/index.php\/2022\/06\/17\/exconvicto-robo-una-moto-y-fue-detenido-tras-intensa-persecucion-en-pdte-franco\/","title":{"rendered":"Exconvicto rob\u00f3 una moto y fue detenido tras intensa persecuci\u00f3n en Pdte. Franco"},"content":{"rendered":"\n<p>Tras una persecuci\u00f3n de pel\u00edcula, agentes policiales de la comisar\u00eda 6\u00aa y vecinos de Presidente Franco atraparon a un marginal que recientemente abandon\u00f3 la c\u00e1rcel, y que acababa de hurtar una motocicleta. Los vecinos alertaron al 911 del hecho, y mediante la r\u00e1pida acci\u00f3n el exconvicto fue aprehendido y se recuper\u00f3 la motocicleta, mientras que su c\u00f3mplice se dio a la fuga. El hecho ocurri\u00f3 alrededor de las 13:30 horas en el barrio Fray Luis de Bola\u00f1os, sobre la avenida Aquidab\u00e1n, a una cuadra de la cancha 1\u00ba de Mayo.<\/p>\n\n\n\n<p>El detenido est\u00e1 identificado como Sergio Galeano Dos Santos, de 31 a\u00f1os, domiciliado en el km 11 Monday de esta ciudad. Seg\u00fan la base de datos de la Polic\u00eda Nacional, el sospechoso posee antecedentes por hurto agravado, cuya causa fue compurgada y hace apenas ocho d\u00edas sali\u00f3 de la c\u00e1rcel y ya volvi\u00f3 a sus andanzas. De su poder se incautaron dos cuchillos utilizados para cometer el il\u00edcito.<\/p>\n\n\n\n<p>El ahora detenido y su c\u00f3mplice se encontraban llevando la moto presumiblemente hurtada, los vecinos alertaron a la polic\u00eda y tras un rastrillaje y breve persecuci\u00f3n se logr\u00f3 su aprehensi\u00f3n, mientras que su c\u00f3mplice logr\u00f3 darse a la fuga.<\/p>\n\n\n\n<figure class=\"wp-block-image size-large\"><img loading=\"lazy\" decoding=\"async\" width=\"579\" height=\"1024\" src=\"https:\/\/radioparquecde.com\/wp-content\/uploads\/2022\/06\/PAG-13-A-F1-5-579x1024.jpg\" alt=\"\" class=\"wp-image-2899\" srcset=\"https:\/\/radioparquecde.com\/wp-content\/uploads\/2022\/06\/PAG-13-A-F1-5-579x1024.jpg 579w, https:\/\/radioparquecde.com\/wp-content\/uploads\/2022\/06\/PAG-13-A-F1-5-170x300.jpg 170w, https:\/\/radioparquecde.com\/wp-content\/uploads\/2022\/06\/PAG-13-A-F1-5-768x1358.jpg 768w, https:\/\/radioparquecde.com\/wp-content\/uploads\/2022\/06\/PAG-13-A-F1-5-869x1536.jpg 869w, https:\/\/radioparquecde.com\/wp-content\/uploads\/2022\/06\/PAG-13-A-F1-5-1158x2048.jpg 1158w, https:\/\/radioparquecde.com\/wp-content\/uploads\/2022\/06\/PAG-13-A-F1-5-1024x1811.jpg 1024w, https:\/\/radioparquecde.com\/wp-content\/uploads\/2022\/06\/PAG-13-A-F1-5-scaled.jpg 1448w\" sizes=\"auto, (max-width: 579px) 100vw, 579px\" \/><\/figure>\n\n\n\n<p>Los intervinientes hallaron la moto hurtada abandonada, consistente en una motocicleta de la marca Leopard, modelo 110 cc, azul con negro, sin chapa, perteneciente a Marciano Mart\u00ednez, domiciliado en el barrio San Rafael de esa ciudad. El propietario manifest\u00f3 que su moto fue hurtada de la parte posterior del hospital distrital. Dej\u00f3 estacionada alrededor de las 13:20 horas de ese mismo d\u00eda y minutos despu\u00e9s fue hurtada. El detenido y las evidencias fueron llevados a la sede policial y puestos a cargo de la fiscal Viviana S\u00e1nchez.<\/p>\n\n\n\n<p><\/p>\n","protected":false},"excerpt":{"rendered":"<p>Tras una persecuci\u00f3n de pel\u00edcula, agentes policiales de la comisar\u00eda 6\u00aa y vecinos de Presidente&#8230;<\/p>\n","protected":false},"author":3,"featured_media":2900,"comment_status":"closed","ping_status":"closed","sticky":false,"template":"","format":"standard","meta":{"footnotes":""},"categories":[48,6],"tags":[],"class_list":["post-2897","post","type-post","status-publish","format-standard","has-post-thumbnail","hentry","category-alto-parana","category-noticias"],"featured_image_urls":{"full":["https:\/\/radioparquecde.com\/wp-content\/uploads\/2022\/06\/PAG-13-A-F1-5-1-scaled.jpg",1448,2560,false],"thumbnail":["https:\/\/radioparquecde.com\/wp-content\/uploads\/2022\/06\/PAG-13-A-F1-5-1-150x150.jpg",150,150,true],"medium":["https:\/\/radioparquecde.com\/wp-content\/uploads\/2022\/06\/PAG-13-A-F1-5-1-170x300.jpg",170,300,true],"medium_large":["https:\/\/radioparquecde.com\/wp-content\/uploads\/2022\/06\/PAG-13-A-F1-5-1-768x1358.jpg",640,1132,true],"large":["https:\/\/radioparquecde.com\/wp-content\/uploads\/2022\/06\/PAG-13-A-F1-5-1-579x1024.jpg",579,1024,true],"1536x1536":["https:\/\/radioparquecde.com\/wp-content\/uploads\/2022\/06\/PAG-13-A-F1-5-1-869x1536.jpg",869,1536,true],"2048x2048":["https:\/\/radioparquecde.com\/wp-content\/uploads\/2022\/06\/PAG-13-A-F1-5-1-1158x2048.jpg",1158,2048,true],"newsphere-slider-full":["https:\/\/radioparquecde.com\/wp-content\/uploads\/2022\/06\/PAG-13-A-F1-5-1-1280x720.jpg",1280,720,true],"newsphere-featured":["https:\/\/radioparquecde.com\/wp-content\/uploads\/2022\/06\/PAG-13-A-F1-5-1-1024x1811.jpg",1024,1811,true],"newsphere-medium":["https:\/\/radioparquecde.com\/wp-content\/uploads\/2022\/06\/PAG-13-A-F1-5-1-720x380.jpg",720,380,true]},"author_info":{"display_name":"Editor","author_link":"https:\/\/radioparquecde.com\/index.php\/author\/editor\/"},"category_info":"<a href=\"https:\/\/radioparquecde.com\/index.php\/category\/alto-parana\/\" rel=\"category tag\">ALTO PARAN\u00c1<\/a> <a href=\"https:\/\/radioparquecde.com\/index.php\/category\/noticias\/\" rel=\"category tag\">Noticias<\/a>","tag_info":"Noticias","comment_count":"0","_links":{"self":[{"href":"https:\/\/radioparquecde.com\/index.php\/wp-json\/wp\/v2\/posts\/2897","targetHints":{"allow":["GET"]}}],"collection":[{"href":"https:\/\/radioparquecde.com\/index.php\/wp-json\/wp\/v2\/posts"}],"about":[{"href":"https:\/\/radioparquecde.com\/index.php\/wp-json\/wp\/v2\/types\/post"}],"author":[{"embeddable":true,"href":"https:\/\/radioparquecde.com\/index.php\/wp-json\/wp\/v2\/users\/3"}],"replies":[{"embeddable":true,"href":"https:\/\/radioparquecde.com\/index.php\/wp-json\/wp\/v2\/comments?post=2897"}],"version-history":[{"count":1,"href":"https:\/\/radioparquecde.com\/index.php\/wp-json\/wp\/v2\/posts\/2897\/revisions"}],"predecessor-version":[{"id":2901,"href":"https:\/\/radioparquecde.com\/index.php\/wp-json\/wp\/v2\/posts\/2897\/revisions\/2901"}],"wp:featuredmedia":[{"embeddable":true,"href":"https:\/\/radioparquecde.com\/index.php\/wp-json\/wp\/v2\/media\/2900"}],"wp:attachment":[{"href":"https:\/\/radioparquecde.com\/index.php\/wp-json\/wp\/v2\/media?parent=2897"}],"wp:term":[{"taxonomy":"category","embeddable":true,"href":"https:\/\/radioparquecde.com\/index.php\/wp-json\/wp\/v2\/categories?post=2897"},{"taxonomy":"post_tag","embeddable":true,"href":"https:\/\/radioparquecde.com\/index.php\/wp-json\/wp\/v2\/tags?post=2897"}],"curies":[{"name":"wp","href":"https:\/\/api.w.org\/{rel}","templated":true}]}}