{"id":2943,"date":"2022-06-20T08:22:14","date_gmt":"2022-06-20T12:22:14","guid":{"rendered":"https:\/\/radioparquecde.com\/?p=2943"},"modified":"2022-06-20T08:22:16","modified_gmt":"2022-06-20T12:22:16","slug":"no-descartan-que-el-clan-rotela-este-detras-del-asesinato-del-exdirector-de-tacumbu","status":"publish","type":"post","link":"https:\/\/radioparquecde.com\/index.php\/2022\/06\/20\/no-descartan-que-el-clan-rotela-este-detras-del-asesinato-del-exdirector-de-tacumbu\/","title":{"rendered":"No descartan que el Clan Rotela est\u00e9 detr\u00e1s del asesinato del exdirector de Tacumb\u00fa"},"content":{"rendered":"\n<p>El ministro de Justicia, \u00c9dgar Olmedo, refiri\u00f3 que est\u00e1n manejando la hip\u00f3tesis de que facciones criminales estar\u00edan detr\u00e1s del asesinato del dexdirector de Tacumb\u00fa, \u00d3scar Gonz\u00e1lez, sobre todo el Clan Rotela, ya que el laboratorio de procesamiento de coca\u00edna encontrado en&nbsp; el 2020 en dicha penitenciar\u00eda y posteriormente desbaratado era administrado por ellos.<\/p>\n\n\n\n<p>El exdirector de la Penitenciar\u00eda de Tacumb\u00fa, \u00d3scar Gonz\u00e1lez, fue asesinado a balazos en pleno festejo del D\u00eda del Padre en el barrio Obrero de Asunci\u00f3n. En el 2020, durante su administraci\u00f3n, se encontr\u00f3 un laboratorio donde se produc\u00eda coca\u00edna y era manejado por el Clan Rotela seg\u00fan las informaciones, raz\u00f3n por la cual fue apartado del cargo<\/p>\n\n\n\n<figure class=\"wp-block-image size-large\"><img loading=\"lazy\" decoding=\"async\" width=\"1024\" height=\"680\" src=\"https:\/\/radioparquecde.com\/wp-content\/uploads\/2022\/06\/DSC_0162-1024x680.jpg\" alt=\"\" class=\"wp-image-2945\" srcset=\"https:\/\/radioparquecde.com\/wp-content\/uploads\/2022\/06\/DSC_0162-1024x680.jpg 1024w, https:\/\/radioparquecde.com\/wp-content\/uploads\/2022\/06\/DSC_0162-300x199.jpg 300w, https:\/\/radioparquecde.com\/wp-content\/uploads\/2022\/06\/DSC_0162-768x510.jpg 768w, https:\/\/radioparquecde.com\/wp-content\/uploads\/2022\/06\/DSC_0162.jpg 1447w\" sizes=\"auto, (max-width: 1024px) 100vw, 1024px\" \/><\/figure>\n\n\n\n<p>\u201cEs un mensaje bastante fuerte si se confirma que este hecho de sicariato tiene relaci\u00f3n con ese procedimiento. Es preocupante para los que estamos dentro del Ministerio de Justicia\u201d, expres\u00f3 el ministro de Justicia.<\/p>\n\n\n\n<p>El sicario lleg\u00f3 a bordo de una motocicleta e ingres\u00f3 por el port\u00f3n principal, que no estaba cerrado, fue hasta el quincho, donde se encontraba la v\u00edctima en compa\u00f1\u00eda de sus familiares, y efectu\u00f3 tres disparos que acabaron con su vida.<\/p>\n\n\n\n<p>Seg\u00fan el reporte del Hospital del Trauma, \u00d3scar Gonz\u00e1lez, ten\u00eda 3 impactos de bala: uno a nivel del rostro izquierdo (en n\u00famero de 2), otro en la mano izquierda (en n\u00famero de 2) y otro en regi\u00f3n dorsal, a nivel del reborde costal paravertebral izquierdo.<\/p>\n\n\n\n<p>Gonz\u00e1lez se encontraba en calidad de comisionado en el Poder Judicial, por lo que ya no ejerc\u00eda ning\u00fan cargo ligado al \u00e1mbito penitenciario.<\/p>\n","protected":false},"excerpt":{"rendered":"<p>El ministro de Justicia, \u00c9dgar Olmedo, refiri\u00f3 que est\u00e1n manejando la hip\u00f3tesis de que facciones&#8230;<\/p>\n","protected":false},"author":3,"featured_media":2946,"comment_status":"closed","ping_status":"closed","sticky":false,"template":"","format":"standard","meta":{"footnotes":""},"categories":[2,6],"tags":[],"class_list":["post-2943","post","type-post","status-publish","format-standard","has-post-thumbnail","hentry","category-destacadas","category-noticias"],"featured_image_urls":{"full":["https:\/\/radioparquecde.com\/wp-content\/uploads\/2022\/06\/DSC_0162-1.jpg",1447,961,false],"thumbnail":["https:\/\/radioparquecde.com\/wp-content\/uploads\/2022\/06\/DSC_0162-1-150x150.jpg",150,150,true],"medium":["https:\/\/radioparquecde.com\/wp-content\/uploads\/2022\/06\/DSC_0162-1-300x199.jpg",300,199,true],"medium_large":["https:\/\/radioparquecde.com\/wp-content\/uploads\/2022\/06\/DSC_0162-1-768x510.jpg",640,425,true],"large":["https:\/\/radioparquecde.com\/wp-content\/uploads\/2022\/06\/DSC_0162-1-1024x680.jpg",640,425,true],"1536x1536":["https:\/\/radioparquecde.com\/wp-content\/uploads\/2022\/06\/DSC_0162-1.jpg",1447,961,false],"2048x2048":["https:\/\/radioparquecde.com\/wp-content\/uploads\/2022\/06\/DSC_0162-1.jpg",1447,961,false],"newsphere-slider-full":["https:\/\/radioparquecde.com\/wp-content\/uploads\/2022\/06\/DSC_0162-1-1280x720.jpg",1280,720,true],"newsphere-featured":["https:\/\/radioparquecde.com\/wp-content\/uploads\/2022\/06\/DSC_0162-1-1024x680.jpg",1024,680,true],"newsphere-medium":["https:\/\/radioparquecde.com\/wp-content\/uploads\/2022\/06\/DSC_0162-1-720x380.jpg",720,380,true]},"author_info":{"display_name":"Editor","author_link":"https:\/\/radioparquecde.com\/index.php\/author\/editor\/"},"category_info":"<a href=\"https:\/\/radioparquecde.com\/index.php\/category\/noticias\/destacadas\/\" rel=\"category tag\">Destacadas<\/a> <a href=\"https:\/\/radioparquecde.com\/index.php\/category\/noticias\/\" rel=\"category tag\">Noticias<\/a>","tag_info":"Noticias","comment_count":"0","_links":{"self":[{"href":"https:\/\/radioparquecde.com\/index.php\/wp-json\/wp\/v2\/posts\/2943","targetHints":{"allow":["GET"]}}],"collection":[{"href":"https:\/\/radioparquecde.com\/index.php\/wp-json\/wp\/v2\/posts"}],"about":[{"href":"https:\/\/radioparquecde.com\/index.php\/wp-json\/wp\/v2\/types\/post"}],"author":[{"embeddable":true,"href":"https:\/\/radioparquecde.com\/index.php\/wp-json\/wp\/v2\/users\/3"}],"replies":[{"embeddable":true,"href":"https:\/\/radioparquecde.com\/index.php\/wp-json\/wp\/v2\/comments?post=2943"}],"version-history":[{"count":1,"href":"https:\/\/radioparquecde.com\/index.php\/wp-json\/wp\/v2\/posts\/2943\/revisions"}],"predecessor-version":[{"id":2947,"href":"https:\/\/radioparquecde.com\/index.php\/wp-json\/wp\/v2\/posts\/2943\/revisions\/2947"}],"wp:featuredmedia":[{"embeddable":true,"href":"https:\/\/radioparquecde.com\/index.php\/wp-json\/wp\/v2\/media\/2946"}],"wp:attachment":[{"href":"https:\/\/radioparquecde.com\/index.php\/wp-json\/wp\/v2\/media?parent=2943"}],"wp:term":[{"taxonomy":"category","embeddable":true,"href":"https:\/\/radioparquecde.com\/index.php\/wp-json\/wp\/v2\/categories?post=2943"},{"taxonomy":"post_tag","embeddable":true,"href":"https:\/\/radioparquecde.com\/index.php\/wp-json\/wp\/v2\/tags?post=2943"}],"curies":[{"name":"wp","href":"https:\/\/api.w.org\/{rel}","templated":true}]}}