{"id":2986,"date":"2022-06-20T17:10:33","date_gmt":"2022-06-20T21:10:33","guid":{"rendered":"https:\/\/radioparquecde.com\/?p=2986"},"modified":"2022-06-20T17:10:35","modified_gmt":"2022-06-20T21:10:35","slug":"brasileno-que-escapo-de-una-carcel-sera-juzgado-en-paraguay-por-abuso-sexual","status":"publish","type":"post","link":"https:\/\/radioparquecde.com\/index.php\/2022\/06\/20\/brasileno-que-escapo-de-una-carcel-sera-juzgado-en-paraguay-por-abuso-sexual\/","title":{"rendered":"Brasile\u00f1o que escap\u00f3 de una c\u00e1rcel ser\u00e1 juzgado en Paraguay por abuso sexual"},"content":{"rendered":"\n<p>El brasile\u00f1o que escap\u00f3 de una c\u00e1rcel del estado de Santa Catarina y que fue detenido el pasado s\u00e1bado en Minga Guazu ser\u00e1 juzgado en nuestro pa\u00eds por abuso sexual en ni\u00f1os.<\/p>\n\n\n\n<p>El extranjero hab\u00eda tra\u00eddo a su hija de 12 a\u00f1os con \u00e9l sin el permiso de la madre. Al momento de ser detenido estaba en compa\u00f1\u00eda de la menor, quien dijo a los polic\u00edas que era abusada sexualmente.<\/p>\n\n\n\n<figure class=\"wp-block-image size-full\"><img loading=\"lazy\" decoding=\"async\" width=\"582\" height=\"215\" src=\"https:\/\/radioparquecde.com\/wp-content\/uploads\/2022\/06\/289483130_1090388254915852_7693505035472598492_n.jpg\" alt=\"\" class=\"wp-image-2988\" srcset=\"https:\/\/radioparquecde.com\/wp-content\/uploads\/2022\/06\/289483130_1090388254915852_7693505035472598492_n.jpg 582w, https:\/\/radioparquecde.com\/wp-content\/uploads\/2022\/06\/289483130_1090388254915852_7693505035472598492_n-300x111.jpg 300w\" sizes=\"auto, (max-width: 582px) 100vw, 582px\" \/><\/figure>\n\n\n\n<p>La fiscal Vivian Coronel explic\u00f3 que se confirm\u00f3 que la menor sufri\u00f3 abusos sexuales por parte del padre, por ese motivo no procedi\u00f3 a su expulsi\u00f3n del pa\u00eds y lo imput\u00f3. Coment\u00f3 que el brasile\u00f1o es requerido por la justicia de su pa\u00eds para completar una condena por homicidio, pero la expectativa de pena en suelo paraguayo es de 20 a\u00f1os en caso de ser condenado por el abuso de su hija.<\/p>\n\n\n\n<p>La ni\u00f1a ya fue entregada a su madre.<\/p>\n","protected":false},"excerpt":{"rendered":"<p>El brasile\u00f1o que escap\u00f3 de una c\u00e1rcel del estado de Santa Catarina y que fue&#8230;<\/p>\n","protected":false},"author":3,"featured_media":2989,"comment_status":"closed","ping_status":"closed","sticky":false,"template":"","format":"standard","meta":{"footnotes":""},"categories":[6,47],"tags":[],"class_list":["post-2986","post","type-post","status-publish","format-standard","has-post-thumbnail","hentry","category-noticias","category-sucesos"],"featured_image_urls":{"full":["https:\/\/radioparquecde.com\/wp-content\/uploads\/2022\/06\/289483130_1090388254915852_7693505035472598492_n-1.jpg",582,215,false],"thumbnail":["https:\/\/radioparquecde.com\/wp-content\/uploads\/2022\/06\/289483130_1090388254915852_7693505035472598492_n-1-150x150.jpg",150,150,true],"medium":["https:\/\/radioparquecde.com\/wp-content\/uploads\/2022\/06\/289483130_1090388254915852_7693505035472598492_n-1-300x111.jpg",300,111,true],"medium_large":["https:\/\/radioparquecde.com\/wp-content\/uploads\/2022\/06\/289483130_1090388254915852_7693505035472598492_n-1.jpg",582,215,false],"large":["https:\/\/radioparquecde.com\/wp-content\/uploads\/2022\/06\/289483130_1090388254915852_7693505035472598492_n-1.jpg",582,215,false],"1536x1536":["https:\/\/radioparquecde.com\/wp-content\/uploads\/2022\/06\/289483130_1090388254915852_7693505035472598492_n-1.jpg",582,215,false],"2048x2048":["https:\/\/radioparquecde.com\/wp-content\/uploads\/2022\/06\/289483130_1090388254915852_7693505035472598492_n-1.jpg",582,215,false],"newsphere-slider-full":["https:\/\/radioparquecde.com\/wp-content\/uploads\/2022\/06\/289483130_1090388254915852_7693505035472598492_n-1.jpg",582,215,false],"newsphere-featured":["https:\/\/radioparquecde.com\/wp-content\/uploads\/2022\/06\/289483130_1090388254915852_7693505035472598492_n-1.jpg",582,215,false],"newsphere-medium":["https:\/\/radioparquecde.com\/wp-content\/uploads\/2022\/06\/289483130_1090388254915852_7693505035472598492_n-1.jpg",582,215,false]},"author_info":{"display_name":"Editor","author_link":"https:\/\/radioparquecde.com\/index.php\/author\/editor\/"},"category_info":"<a href=\"https:\/\/radioparquecde.com\/index.php\/category\/noticias\/\" rel=\"category tag\">Noticias<\/a> <a href=\"https:\/\/radioparquecde.com\/index.php\/category\/sucesos\/\" rel=\"category tag\">SUCESOS<\/a>","tag_info":"SUCESOS","comment_count":"0","_links":{"self":[{"href":"https:\/\/radioparquecde.com\/index.php\/wp-json\/wp\/v2\/posts\/2986","targetHints":{"allow":["GET"]}}],"collection":[{"href":"https:\/\/radioparquecde.com\/index.php\/wp-json\/wp\/v2\/posts"}],"about":[{"href":"https:\/\/radioparquecde.com\/index.php\/wp-json\/wp\/v2\/types\/post"}],"author":[{"embeddable":true,"href":"https:\/\/radioparquecde.com\/index.php\/wp-json\/wp\/v2\/users\/3"}],"replies":[{"embeddable":true,"href":"https:\/\/radioparquecde.com\/index.php\/wp-json\/wp\/v2\/comments?post=2986"}],"version-history":[{"count":1,"href":"https:\/\/radioparquecde.com\/index.php\/wp-json\/wp\/v2\/posts\/2986\/revisions"}],"predecessor-version":[{"id":2990,"href":"https:\/\/radioparquecde.com\/index.php\/wp-json\/wp\/v2\/posts\/2986\/revisions\/2990"}],"wp:featuredmedia":[{"embeddable":true,"href":"https:\/\/radioparquecde.com\/index.php\/wp-json\/wp\/v2\/media\/2989"}],"wp:attachment":[{"href":"https:\/\/radioparquecde.com\/index.php\/wp-json\/wp\/v2\/media?parent=2986"}],"wp:term":[{"taxonomy":"category","embeddable":true,"href":"https:\/\/radioparquecde.com\/index.php\/wp-json\/wp\/v2\/categories?post=2986"},{"taxonomy":"post_tag","embeddable":true,"href":"https:\/\/radioparquecde.com\/index.php\/wp-json\/wp\/v2\/tags?post=2986"}],"curies":[{"name":"wp","href":"https:\/\/api.w.org\/{rel}","templated":true}]}}