{"id":3032,"date":"2022-06-22T07:59:00","date_gmt":"2022-06-22T11:59:00","guid":{"rendered":"https:\/\/radioparquecde.com\/?p=3032"},"modified":"2022-06-22T07:59:02","modified_gmt":"2022-06-22T11:59:02","slug":"indigente-muere-atropellado","status":"publish","type":"post","link":"https:\/\/radioparquecde.com\/index.php\/2022\/06\/22\/indigente-muere-atropellado\/","title":{"rendered":"Indigente muere atropellado"},"content":{"rendered":"\n<p>En horas de la noche del martes, a las 22:40 horas se produjo un accidente con derivaci\u00f3n fatal sobre la ruta Py 02, a la altura del Km. 1 de Ciudad del Este.<\/p>\n\n\n\n<p>La v\u00edctima result\u00f3 ser una persona de 27 a\u00f1os, presumiblemente en situaci\u00f3n de calle, cuya identidad no se pudo precisar por carecer documentos.<\/p>\n\n\n\n<p>El autor del arrollamiento se dio a la fuga tras el hecho.<\/p>\n\n\n\n<p>Pese a los intentos por identificarlo, no se tuvo \u00e9xito debido a que el mismo no figura dentro del sistema AFIS.<\/p>\n\n\n\n<p>Se comunic\u00f3 al fiscal Alberto Torres, y la M\u00e9dica Forense, Dra. Ramona Garc\u00eda diagnostic\u00f3 como causa de la muerte \u201ctraumatismo de cr\u00e1neo por accidente de tr\u00e1nsito\u201d. El cuerpo fue depositado en una funeraria.<\/p>\n\n\n\n<figure class=\"wp-block-image size-large\"><img loading=\"lazy\" decoding=\"async\" width=\"576\" height=\"1024\" src=\"https:\/\/radioparquecde.com\/wp-content\/uploads\/2022\/06\/fatal-576x1024.jpg\" alt=\"\" class=\"wp-image-3034\" srcset=\"https:\/\/radioparquecde.com\/wp-content\/uploads\/2022\/06\/fatal-576x1024.jpg 576w, https:\/\/radioparquecde.com\/wp-content\/uploads\/2022\/06\/fatal-169x300.jpg 169w, https:\/\/radioparquecde.com\/wp-content\/uploads\/2022\/06\/fatal-768x1366.jpg 768w, https:\/\/radioparquecde.com\/wp-content\/uploads\/2022\/06\/fatal-864x1536.jpg 864w, https:\/\/radioparquecde.com\/wp-content\/uploads\/2022\/06\/fatal.jpg 899w\" sizes=\"auto, (max-width: 576px) 100vw, 576px\" \/><\/figure>\n","protected":false},"excerpt":{"rendered":"<p>En horas de la noche del martes, a las 22:40 horas se produjo un accidente&#8230;<\/p>\n","protected":false},"author":3,"featured_media":3035,"comment_status":"closed","ping_status":"closed","sticky":false,"template":"","format":"standard","meta":{"footnotes":""},"categories":[48,6],"tags":[],"class_list":["post-3032","post","type-post","status-publish","format-standard","has-post-thumbnail","hentry","category-alto-parana","category-noticias"],"featured_image_urls":{"full":["https:\/\/radioparquecde.com\/wp-content\/uploads\/2022\/06\/fatal-1.jpg",899,1599,false],"thumbnail":["https:\/\/radioparquecde.com\/wp-content\/uploads\/2022\/06\/fatal-1-150x150.jpg",150,150,true],"medium":["https:\/\/radioparquecde.com\/wp-content\/uploads\/2022\/06\/fatal-1-169x300.jpg",169,300,true],"medium_large":["https:\/\/radioparquecde.com\/wp-content\/uploads\/2022\/06\/fatal-1-768x1366.jpg",640,1138,true],"large":["https:\/\/radioparquecde.com\/wp-content\/uploads\/2022\/06\/fatal-1-576x1024.jpg",576,1024,true],"1536x1536":["https:\/\/radioparquecde.com\/wp-content\/uploads\/2022\/06\/fatal-1-864x1536.jpg",864,1536,true],"2048x2048":["https:\/\/radioparquecde.com\/wp-content\/uploads\/2022\/06\/fatal-1.jpg",899,1599,false],"newsphere-slider-full":["https:\/\/radioparquecde.com\/wp-content\/uploads\/2022\/06\/fatal-1-899x720.jpg",899,720,true],"newsphere-featured":["https:\/\/radioparquecde.com\/wp-content\/uploads\/2022\/06\/fatal-1.jpg",899,1599,false],"newsphere-medium":["https:\/\/radioparquecde.com\/wp-content\/uploads\/2022\/06\/fatal-1-720x380.jpg",720,380,true]},"author_info":{"display_name":"Editor","author_link":"https:\/\/radioparquecde.com\/index.php\/author\/editor\/"},"category_info":"<a href=\"https:\/\/radioparquecde.com\/index.php\/category\/alto-parana\/\" rel=\"category tag\">ALTO PARAN\u00c1<\/a> <a href=\"https:\/\/radioparquecde.com\/index.php\/category\/noticias\/\" rel=\"category tag\">Noticias<\/a>","tag_info":"Noticias","comment_count":"0","_links":{"self":[{"href":"https:\/\/radioparquecde.com\/index.php\/wp-json\/wp\/v2\/posts\/3032","targetHints":{"allow":["GET"]}}],"collection":[{"href":"https:\/\/radioparquecde.com\/index.php\/wp-json\/wp\/v2\/posts"}],"about":[{"href":"https:\/\/radioparquecde.com\/index.php\/wp-json\/wp\/v2\/types\/post"}],"author":[{"embeddable":true,"href":"https:\/\/radioparquecde.com\/index.php\/wp-json\/wp\/v2\/users\/3"}],"replies":[{"embeddable":true,"href":"https:\/\/radioparquecde.com\/index.php\/wp-json\/wp\/v2\/comments?post=3032"}],"version-history":[{"count":1,"href":"https:\/\/radioparquecde.com\/index.php\/wp-json\/wp\/v2\/posts\/3032\/revisions"}],"predecessor-version":[{"id":3036,"href":"https:\/\/radioparquecde.com\/index.php\/wp-json\/wp\/v2\/posts\/3032\/revisions\/3036"}],"wp:featuredmedia":[{"embeddable":true,"href":"https:\/\/radioparquecde.com\/index.php\/wp-json\/wp\/v2\/media\/3035"}],"wp:attachment":[{"href":"https:\/\/radioparquecde.com\/index.php\/wp-json\/wp\/v2\/media?parent=3032"}],"wp:term":[{"taxonomy":"category","embeddable":true,"href":"https:\/\/radioparquecde.com\/index.php\/wp-json\/wp\/v2\/categories?post=3032"},{"taxonomy":"post_tag","embeddable":true,"href":"https:\/\/radioparquecde.com\/index.php\/wp-json\/wp\/v2\/tags?post=3032"}],"curies":[{"name":"wp","href":"https:\/\/api.w.org\/{rel}","templated":true}]}}