{"id":3052,"date":"2022-06-22T08:28:47","date_gmt":"2022-06-22T12:28:47","guid":{"rendered":"https:\/\/radioparquecde.com\/?p=3052"},"modified":"2022-06-22T08:28:49","modified_gmt":"2022-06-22T12:28:49","slug":"una-madre-busca-desesperadamente-a-su-hija-que-esta-desaparecida-ocurrio-en-el-barrio-remansito-de-ciudad-del-este","status":"publish","type":"post","link":"https:\/\/radioparquecde.com\/index.php\/2022\/06\/22\/una-madre-busca-desesperadamente-a-su-hija-que-esta-desaparecida-ocurrio-en-el-barrio-remansito-de-ciudad-del-este\/","title":{"rendered":"Una madre busca desesperadamente a su hija, que est\u00e1 desaparecida ocurri\u00f3 en el barrio remansito de Ciudad del Este"},"content":{"rendered":"\n<p>Andrea Collar, de 13 a\u00f1os, desapareci\u00f3 el pasado 20 de junio y a la fecha, no se tienen novedades sobre la misma.<\/p>\n\n\n\n<p>La madre la busca desesperadamente e insta a quienes tengan alguna informaci\u00f3n, contactar al 0973 557 899 \u00f3 a la comisar\u00eda m\u00e1s cercana.<\/p>\n\n\n\n<p>La desaparecida es del barrio Remansito de Ciudad del Este, sobrina del Obispo Pedro Collar y el Cura P\u00e1rroco \u00c1ngel Collar y C\u00e9sar Collar.<\/p>\n\n\n\n<figure class=\"wp-block-image size-large\"><img loading=\"lazy\" decoding=\"async\" width=\"588\" height=\"1024\" src=\"https:\/\/radioparquecde.com\/wp-content\/uploads\/2022\/06\/WhatsApp-Image-2022-06-21-at-10.17.57-PM-588x1024.jpeg\" alt=\"\" class=\"wp-image-3054\" srcset=\"https:\/\/radioparquecde.com\/wp-content\/uploads\/2022\/06\/WhatsApp-Image-2022-06-21-at-10.17.57-PM-588x1024.jpeg 588w, https:\/\/radioparquecde.com\/wp-content\/uploads\/2022\/06\/WhatsApp-Image-2022-06-21-at-10.17.57-PM-172x300.jpeg 172w, https:\/\/radioparquecde.com\/wp-content\/uploads\/2022\/06\/WhatsApp-Image-2022-06-21-at-10.17.57-PM-768x1339.jpeg 768w, https:\/\/radioparquecde.com\/wp-content\/uploads\/2022\/06\/WhatsApp-Image-2022-06-21-at-10.17.57-PM-881x1536.jpeg 881w, https:\/\/radioparquecde.com\/wp-content\/uploads\/2022\/06\/WhatsApp-Image-2022-06-21-at-10.17.57-PM.jpeg 918w\" sizes=\"auto, (max-width: 588px) 100vw, 588px\" \/><\/figure>\n","protected":false},"excerpt":{"rendered":"<p>Andrea Collar, de 13 a\u00f1os, desapareci\u00f3 el pasado 20 de junio y a la fecha,&#8230;<\/p>\n","protected":false},"author":3,"featured_media":3055,"comment_status":"closed","ping_status":"closed","sticky":false,"template":"","format":"standard","meta":{"footnotes":""},"categories":[48,6],"tags":[],"class_list":["post-3052","post","type-post","status-publish","format-standard","has-post-thumbnail","hentry","category-alto-parana","category-noticias"],"featured_image_urls":{"full":["https:\/\/radioparquecde.com\/wp-content\/uploads\/2022\/06\/WhatsApp-Image-2022-06-21-at-10.17.57-PM-1.jpeg",918,1600,false],"thumbnail":["https:\/\/radioparquecde.com\/wp-content\/uploads\/2022\/06\/WhatsApp-Image-2022-06-21-at-10.17.57-PM-1-150x150.jpeg",150,150,true],"medium":["https:\/\/radioparquecde.com\/wp-content\/uploads\/2022\/06\/WhatsApp-Image-2022-06-21-at-10.17.57-PM-1-172x300.jpeg",172,300,true],"medium_large":["https:\/\/radioparquecde.com\/wp-content\/uploads\/2022\/06\/WhatsApp-Image-2022-06-21-at-10.17.57-PM-1-768x1339.jpeg",640,1116,true],"large":["https:\/\/radioparquecde.com\/wp-content\/uploads\/2022\/06\/WhatsApp-Image-2022-06-21-at-10.17.57-PM-1-588x1024.jpeg",588,1024,true],"1536x1536":["https:\/\/radioparquecde.com\/wp-content\/uploads\/2022\/06\/WhatsApp-Image-2022-06-21-at-10.17.57-PM-1-881x1536.jpeg",881,1536,true],"2048x2048":["https:\/\/radioparquecde.com\/wp-content\/uploads\/2022\/06\/WhatsApp-Image-2022-06-21-at-10.17.57-PM-1.jpeg",918,1600,false],"newsphere-slider-full":["https:\/\/radioparquecde.com\/wp-content\/uploads\/2022\/06\/WhatsApp-Image-2022-06-21-at-10.17.57-PM-1-918x720.jpeg",918,720,true],"newsphere-featured":["https:\/\/radioparquecde.com\/wp-content\/uploads\/2022\/06\/WhatsApp-Image-2022-06-21-at-10.17.57-PM-1.jpeg",918,1600,false],"newsphere-medium":["https:\/\/radioparquecde.com\/wp-content\/uploads\/2022\/06\/WhatsApp-Image-2022-06-21-at-10.17.57-PM-1-720x380.jpeg",720,380,true]},"author_info":{"display_name":"Editor","author_link":"https:\/\/radioparquecde.com\/index.php\/author\/editor\/"},"category_info":"<a href=\"https:\/\/radioparquecde.com\/index.php\/category\/alto-parana\/\" rel=\"category tag\">ALTO PARAN\u00c1<\/a> <a href=\"https:\/\/radioparquecde.com\/index.php\/category\/noticias\/\" rel=\"category tag\">Noticias<\/a>","tag_info":"Noticias","comment_count":"0","_links":{"self":[{"href":"https:\/\/radioparquecde.com\/index.php\/wp-json\/wp\/v2\/posts\/3052","targetHints":{"allow":["GET"]}}],"collection":[{"href":"https:\/\/radioparquecde.com\/index.php\/wp-json\/wp\/v2\/posts"}],"about":[{"href":"https:\/\/radioparquecde.com\/index.php\/wp-json\/wp\/v2\/types\/post"}],"author":[{"embeddable":true,"href":"https:\/\/radioparquecde.com\/index.php\/wp-json\/wp\/v2\/users\/3"}],"replies":[{"embeddable":true,"href":"https:\/\/radioparquecde.com\/index.php\/wp-json\/wp\/v2\/comments?post=3052"}],"version-history":[{"count":1,"href":"https:\/\/radioparquecde.com\/index.php\/wp-json\/wp\/v2\/posts\/3052\/revisions"}],"predecessor-version":[{"id":3056,"href":"https:\/\/radioparquecde.com\/index.php\/wp-json\/wp\/v2\/posts\/3052\/revisions\/3056"}],"wp:featuredmedia":[{"embeddable":true,"href":"https:\/\/radioparquecde.com\/index.php\/wp-json\/wp\/v2\/media\/3055"}],"wp:attachment":[{"href":"https:\/\/radioparquecde.com\/index.php\/wp-json\/wp\/v2\/media?parent=3052"}],"wp:term":[{"taxonomy":"category","embeddable":true,"href":"https:\/\/radioparquecde.com\/index.php\/wp-json\/wp\/v2\/categories?post=3052"},{"taxonomy":"post_tag","embeddable":true,"href":"https:\/\/radioparquecde.com\/index.php\/wp-json\/wp\/v2\/tags?post=3052"}],"curies":[{"name":"wp","href":"https:\/\/api.w.org\/{rel}","templated":true}]}}