{"id":3067,"date":"2022-06-22T10:27:06","date_gmt":"2022-06-22T14:27:06","guid":{"rendered":"https:\/\/radioparquecde.com\/?p=3067"},"modified":"2022-06-22T10:27:08","modified_gmt":"2022-06-22T14:27:08","slug":"proponen-tope-del-30-a-40-en-deduccion-de-iva-de-supermercados-dice-viceministro-de-economia","status":"publish","type":"post","link":"https:\/\/radioparquecde.com\/index.php\/2022\/06\/22\/proponen-tope-del-30-a-40-en-deduccion-de-iva-de-supermercados-dice-viceministro-de-economia\/","title":{"rendered":"Proponen tope del 30 a 40% en deducci\u00f3n de IVA de supermercados, dice viceministro de Econom\u00eda"},"content":{"rendered":"\n<p>El viceministro de Econom\u00eda, Iv\u00e1n Haas, habl\u00f3 sobre el proyecto de ley que busca exonerar temporalmente el impuesto al valor agregado (IVA) a los productos de la canasta b\u00e1sica. Manifest\u00f3 que propusieron a la Comisi\u00f3n de Hacienda del Senado un tope en la deducci\u00f3n de alimentos y se\u00f1al\u00f3 que ser\u00eda del 30 a 40% no as\u00ed del 100% como est\u00e1 redactado en la propuesta.<\/p>\n\n\n\n<figure class=\"wp-block-image size-full\"><img loading=\"lazy\" decoding=\"async\" width=\"786\" height=\"524\" src=\"https:\/\/radioparquecde.com\/wp-content\/uploads\/2022\/06\/Ivan-Hass.jpg\" alt=\"\" class=\"wp-image-3069\" srcset=\"https:\/\/radioparquecde.com\/wp-content\/uploads\/2022\/06\/Ivan-Hass.jpg 786w, https:\/\/radioparquecde.com\/wp-content\/uploads\/2022\/06\/Ivan-Hass-300x200.jpg 300w, https:\/\/radioparquecde.com\/wp-content\/uploads\/2022\/06\/Ivan-Hass-768x512.jpg 768w\" sizes=\"auto, (max-width: 786px) 100vw, 786px\" \/><\/figure>\n\n\n\n<p>\u201cEsto es una iniciativa legislativa del Parlamento que apunta a la deducci\u00f3n total&nbsp; del IVA de aquellos productos comprados en el supermercado principalmente alimentos para aquellas personas que son prestadoras de servicio y emiten factura\u201d, expres\u00f3.<\/p>\n\n\n\n<p>\u201cEs una discusi\u00f3n que ya lleva un tiempo porque no se pueden deducir los alimentos del IVA. Entonces esta iniciativa legislativa propone deducir todo\u201d, coment\u00f3.<\/p>\n\n\n\n<p>\u201cLo que nosotros discutimos ayer con la Comisi\u00f3n de Hacienda del Senado es poder llegar a un punto intermedio. La idea es deducir los alimentos pero con un tope que ser\u00eda de un 30 a 40%\u201d, mencion\u00f3.<\/p>\n","protected":false},"excerpt":{"rendered":"<p>El viceministro de Econom\u00eda, Iv\u00e1n Haas, habl\u00f3 sobre el proyecto de ley que busca exonerar&#8230;<\/p>\n","protected":false},"author":3,"featured_media":3070,"comment_status":"closed","ping_status":"closed","sticky":false,"template":"","format":"standard","meta":{"footnotes":""},"categories":[5,6],"tags":[],"class_list":["post-3067","post","type-post","status-publish","format-standard","has-post-thumbnail","hentry","category-economia","category-noticias"],"featured_image_urls":{"full":["https:\/\/radioparquecde.com\/wp-content\/uploads\/2022\/06\/Ivan-Hass-1.jpg",786,524,false],"thumbnail":["https:\/\/radioparquecde.com\/wp-content\/uploads\/2022\/06\/Ivan-Hass-1-150x150.jpg",150,150,true],"medium":["https:\/\/radioparquecde.com\/wp-content\/uploads\/2022\/06\/Ivan-Hass-1-300x200.jpg",300,200,true],"medium_large":["https:\/\/radioparquecde.com\/wp-content\/uploads\/2022\/06\/Ivan-Hass-1-768x512.jpg",640,427,true],"large":["https:\/\/radioparquecde.com\/wp-content\/uploads\/2022\/06\/Ivan-Hass-1.jpg",640,427,false],"1536x1536":["https:\/\/radioparquecde.com\/wp-content\/uploads\/2022\/06\/Ivan-Hass-1.jpg",786,524,false],"2048x2048":["https:\/\/radioparquecde.com\/wp-content\/uploads\/2022\/06\/Ivan-Hass-1.jpg",786,524,false],"newsphere-slider-full":["https:\/\/radioparquecde.com\/wp-content\/uploads\/2022\/06\/Ivan-Hass-1.jpg",786,524,false],"newsphere-featured":["https:\/\/radioparquecde.com\/wp-content\/uploads\/2022\/06\/Ivan-Hass-1.jpg",786,524,false],"newsphere-medium":["https:\/\/radioparquecde.com\/wp-content\/uploads\/2022\/06\/Ivan-Hass-1-720x380.jpg",720,380,true]},"author_info":{"display_name":"Editor","author_link":"https:\/\/radioparquecde.com\/index.php\/author\/editor\/"},"category_info":"<a href=\"https:\/\/radioparquecde.com\/index.php\/category\/noticias\/economia\/\" rel=\"category tag\">Econom\u00eda<\/a> <a href=\"https:\/\/radioparquecde.com\/index.php\/category\/noticias\/\" rel=\"category tag\">Noticias<\/a>","tag_info":"Noticias","comment_count":"0","_links":{"self":[{"href":"https:\/\/radioparquecde.com\/index.php\/wp-json\/wp\/v2\/posts\/3067","targetHints":{"allow":["GET"]}}],"collection":[{"href":"https:\/\/radioparquecde.com\/index.php\/wp-json\/wp\/v2\/posts"}],"about":[{"href":"https:\/\/radioparquecde.com\/index.php\/wp-json\/wp\/v2\/types\/post"}],"author":[{"embeddable":true,"href":"https:\/\/radioparquecde.com\/index.php\/wp-json\/wp\/v2\/users\/3"}],"replies":[{"embeddable":true,"href":"https:\/\/radioparquecde.com\/index.php\/wp-json\/wp\/v2\/comments?post=3067"}],"version-history":[{"count":1,"href":"https:\/\/radioparquecde.com\/index.php\/wp-json\/wp\/v2\/posts\/3067\/revisions"}],"predecessor-version":[{"id":3071,"href":"https:\/\/radioparquecde.com\/index.php\/wp-json\/wp\/v2\/posts\/3067\/revisions\/3071"}],"wp:featuredmedia":[{"embeddable":true,"href":"https:\/\/radioparquecde.com\/index.php\/wp-json\/wp\/v2\/media\/3070"}],"wp:attachment":[{"href":"https:\/\/radioparquecde.com\/index.php\/wp-json\/wp\/v2\/media?parent=3067"}],"wp:term":[{"taxonomy":"category","embeddable":true,"href":"https:\/\/radioparquecde.com\/index.php\/wp-json\/wp\/v2\/categories?post=3067"},{"taxonomy":"post_tag","embeddable":true,"href":"https:\/\/radioparquecde.com\/index.php\/wp-json\/wp\/v2\/tags?post=3067"}],"curies":[{"name":"wp","href":"https:\/\/api.w.org\/{rel}","templated":true}]}}