{"id":3150,"date":"2022-06-24T08:37:29","date_gmt":"2022-06-24T12:37:29","guid":{"rendered":"https:\/\/radioparquecde.com\/?p=3150"},"modified":"2022-06-24T08:37:32","modified_gmt":"2022-06-24T12:37:32","slug":"turba-atropello-base-de-la-armada-y-recupero-mercaderias-incautadas","status":"publish","type":"post","link":"https:\/\/radioparquecde.com\/index.php\/2022\/06\/24\/turba-atropello-base-de-la-armada-y-recupero-mercaderias-incautadas\/","title":{"rendered":"Turba atropell\u00f3 base de la Armada y \u201crecuper\u00f3\u201d mercader\u00edas incautadas"},"content":{"rendered":"\n<p>El Almirante Carlos Vel\u00e1zquez, comandante de la Armada Paraguaya, inform\u00f3 que una turba de aproximadamente 200 personas atac\u00f3 en la tarde de ayer la Prefectura Naval del distrito de Alberdi, y logr\u00f3 \u201crecuperar\u201d parte de un cargamento con mercader\u00edas de presunto contrabando que fue incautado por personal de la instituci\u00f3n, conjuntamente con la Unidad Interinstitucional de Prevenci\u00f3n y Combate al Contrabando (UIC).<\/p>\n\n\n\n<p>La autoridad castrense report\u00f3 que el procedimiento se llev\u00f3 a cabo en horas del mediod\u00eda del jueves y se procedi\u00f3 a la incautaci\u00f3n de dos camiones, cuatro embarcaciones y un motocarro que transportaban los productos.<\/p>\n\n\n\n<p>Vel\u00e1zquez relat\u00f3 que el operativo fue comunicado al Ministerio P\u00fablico, instancia que orden\u00f3 el traslado de las mercader\u00edas a la base naval.<\/p>\n\n\n\n<p>Coment\u00f3 que ya en horas de la tarde un grupo de personas atropell\u00f3 la sede y se apoder\u00f3 de parte de lo incautado. Agreg\u00f3 que tras el suceso fueron detenidas 18 personas y fueron trasladadas a la comisar\u00eda local.<\/p>\n\n\n\n<p>Mencion\u00f3 que posteriormente la sede policial tambi\u00e9n fue objeto de ataques por parte de los presuntos c\u00f3mplices de los contrabandistas. \u201cFue un acto de delincuencia a la vista de todo el mundo\u201d, expres\u00f3.<\/p>\n\n\n\n<figure class=\"wp-block-image size-large\"><img loading=\"lazy\" decoding=\"async\" width=\"1024\" height=\"576\" src=\"https:\/\/radioparquecde.com\/wp-content\/uploads\/2022\/06\/Incautacion-de-mercaderias-en-Alberdi-23-06-2022-1024x576.jpg\" alt=\"\" class=\"wp-image-3152\" srcset=\"https:\/\/radioparquecde.com\/wp-content\/uploads\/2022\/06\/Incautacion-de-mercaderias-en-Alberdi-23-06-2022-1024x576.jpg 1024w, https:\/\/radioparquecde.com\/wp-content\/uploads\/2022\/06\/Incautacion-de-mercaderias-en-Alberdi-23-06-2022-300x169.jpg 300w, https:\/\/radioparquecde.com\/wp-content\/uploads\/2022\/06\/Incautacion-de-mercaderias-en-Alberdi-23-06-2022-768x432.jpg 768w, https:\/\/radioparquecde.com\/wp-content\/uploads\/2022\/06\/Incautacion-de-mercaderias-en-Alberdi-23-06-2022.jpg 1080w\" sizes=\"auto, (max-width: 1024px) 100vw, 1024px\" \/><\/figure>\n","protected":false},"excerpt":{"rendered":"<p>El Almirante Carlos Vel\u00e1zquez, comandante de la Armada Paraguaya, inform\u00f3 que una turba de aproximadamente&#8230;<\/p>\n","protected":false},"author":3,"featured_media":3153,"comment_status":"closed","ping_status":"closed","sticky":false,"template":"","format":"standard","meta":{"footnotes":""},"categories":[2,6],"tags":[],"class_list":["post-3150","post","type-post","status-publish","format-standard","has-post-thumbnail","hentry","category-destacadas","category-noticias"],"featured_image_urls":{"full":["https:\/\/radioparquecde.com\/wp-content\/uploads\/2022\/06\/Incautacion-de-mercaderias-en-Alberdi-23-06-2022-1.jpg",1080,607,false],"thumbnail":["https:\/\/radioparquecde.com\/wp-content\/uploads\/2022\/06\/Incautacion-de-mercaderias-en-Alberdi-23-06-2022-1-150x150.jpg",150,150,true],"medium":["https:\/\/radioparquecde.com\/wp-content\/uploads\/2022\/06\/Incautacion-de-mercaderias-en-Alberdi-23-06-2022-1-300x169.jpg",300,169,true],"medium_large":["https:\/\/radioparquecde.com\/wp-content\/uploads\/2022\/06\/Incautacion-de-mercaderias-en-Alberdi-23-06-2022-1-768x432.jpg",640,360,true],"large":["https:\/\/radioparquecde.com\/wp-content\/uploads\/2022\/06\/Incautacion-de-mercaderias-en-Alberdi-23-06-2022-1-1024x576.jpg",640,360,true],"1536x1536":["https:\/\/radioparquecde.com\/wp-content\/uploads\/2022\/06\/Incautacion-de-mercaderias-en-Alberdi-23-06-2022-1.jpg",1080,607,false],"2048x2048":["https:\/\/radioparquecde.com\/wp-content\/uploads\/2022\/06\/Incautacion-de-mercaderias-en-Alberdi-23-06-2022-1.jpg",1080,607,false],"newsphere-slider-full":["https:\/\/radioparquecde.com\/wp-content\/uploads\/2022\/06\/Incautacion-de-mercaderias-en-Alberdi-23-06-2022-1.jpg",1080,607,false],"newsphere-featured":["https:\/\/radioparquecde.com\/wp-content\/uploads\/2022\/06\/Incautacion-de-mercaderias-en-Alberdi-23-06-2022-1-1024x576.jpg",1024,576,true],"newsphere-medium":["https:\/\/radioparquecde.com\/wp-content\/uploads\/2022\/06\/Incautacion-de-mercaderias-en-Alberdi-23-06-2022-1-720x380.jpg",720,380,true]},"author_info":{"display_name":"Editor","author_link":"https:\/\/radioparquecde.com\/index.php\/author\/editor\/"},"category_info":"<a href=\"https:\/\/radioparquecde.com\/index.php\/category\/noticias\/destacadas\/\" rel=\"category tag\">Destacadas<\/a> <a href=\"https:\/\/radioparquecde.com\/index.php\/category\/noticias\/\" rel=\"category tag\">Noticias<\/a>","tag_info":"Noticias","comment_count":"0","_links":{"self":[{"href":"https:\/\/radioparquecde.com\/index.php\/wp-json\/wp\/v2\/posts\/3150","targetHints":{"allow":["GET"]}}],"collection":[{"href":"https:\/\/radioparquecde.com\/index.php\/wp-json\/wp\/v2\/posts"}],"about":[{"href":"https:\/\/radioparquecde.com\/index.php\/wp-json\/wp\/v2\/types\/post"}],"author":[{"embeddable":true,"href":"https:\/\/radioparquecde.com\/index.php\/wp-json\/wp\/v2\/users\/3"}],"replies":[{"embeddable":true,"href":"https:\/\/radioparquecde.com\/index.php\/wp-json\/wp\/v2\/comments?post=3150"}],"version-history":[{"count":1,"href":"https:\/\/radioparquecde.com\/index.php\/wp-json\/wp\/v2\/posts\/3150\/revisions"}],"predecessor-version":[{"id":3154,"href":"https:\/\/radioparquecde.com\/index.php\/wp-json\/wp\/v2\/posts\/3150\/revisions\/3154"}],"wp:featuredmedia":[{"embeddable":true,"href":"https:\/\/radioparquecde.com\/index.php\/wp-json\/wp\/v2\/media\/3153"}],"wp:attachment":[{"href":"https:\/\/radioparquecde.com\/index.php\/wp-json\/wp\/v2\/media?parent=3150"}],"wp:term":[{"taxonomy":"category","embeddable":true,"href":"https:\/\/radioparquecde.com\/index.php\/wp-json\/wp\/v2\/categories?post=3150"},{"taxonomy":"post_tag","embeddable":true,"href":"https:\/\/radioparquecde.com\/index.php\/wp-json\/wp\/v2\/tags?post=3150"}],"curies":[{"name":"wp","href":"https:\/\/api.w.org\/{rel}","templated":true}]}}