{"id":3198,"date":"2022-06-27T11:06:09","date_gmt":"2022-06-27T15:06:09","guid":{"rendered":"https:\/\/radioparquecde.com\/?p=3198"},"modified":"2022-06-27T11:27:14","modified_gmt":"2022-06-27T15:27:14","slug":"hurtan-cables-de-escuela-en-franco","status":"publish","type":"post","link":"https:\/\/radioparquecde.com\/index.php\/2022\/06\/27\/hurtan-cables-de-escuela-en-franco\/","title":{"rendered":"Hurtan cables de escuela en Franco"},"content":{"rendered":"\n<p>Desconocidos se alzaron con una importante cantidad de cables, perteneciente a la Escuela B\u00e1sica 4324 \u201cSanta In\u00e9s\u201d, en el barrio del mismo nombre, de Presidente Franco. La situaci\u00f3n perjudica enormemente a la comunidad educativa.<\/p>\n\n\n\n<figure class=\"wp-block-image size-large\"><img loading=\"lazy\" decoding=\"async\" width=\"1024\" height=\"768\" src=\"https:\/\/radioparquecde.com\/wp-content\/uploads\/2022\/06\/WhatsApp-Image-2022-06-27-at-7.20.45-AM-2-1024x768.jpeg\" alt=\"\" class=\"wp-image-3203\" srcset=\"https:\/\/radioparquecde.com\/wp-content\/uploads\/2022\/06\/WhatsApp-Image-2022-06-27-at-7.20.45-AM-2-1024x768.jpeg 1024w, https:\/\/radioparquecde.com\/wp-content\/uploads\/2022\/06\/WhatsApp-Image-2022-06-27-at-7.20.45-AM-2-300x225.jpeg 300w, https:\/\/radioparquecde.com\/wp-content\/uploads\/2022\/06\/WhatsApp-Image-2022-06-27-at-7.20.45-AM-2-768x576.jpeg 768w, https:\/\/radioparquecde.com\/wp-content\/uploads\/2022\/06\/WhatsApp-Image-2022-06-27-at-7.20.45-AM-2.jpeg 1280w\" sizes=\"auto, (max-width: 1024px) 100vw, 1024px\" \/><\/figure>\n\n\n\n<p>La denuncia la present\u00f3 la directora Mirian Estela Rivarola de Fari\u00f1a, quien cont\u00f3 en la ma\u00f1ana del s\u00e1bado se aperson\u00f3 a la instituci\u00f3n para la limpieza, pero al llegar encontraron que se forz\u00f3 en la parte de la ventana y luego, se percat\u00f3 el faltante de 400 metros de cable del tendido el\u00e9ctrico y, correspondiente al servicio de internet.<\/p>\n\n\n\n<p>El hecho de hurto se comunic\u00f3 a la fiscal Liliana Denice Duarte, mientras que, integrantes de la comunidad educativa lamentaron el enorme perjuicio generado por los malvivientes.<\/p>\n","protected":false},"excerpt":{"rendered":"<p>Desconocidos se alzaron con una importante cantidad de cables, perteneciente a la Escuela B\u00e1sica 4324&#8230;<\/p>\n","protected":false},"author":3,"featured_media":3200,"comment_status":"closed","ping_status":"closed","sticky":false,"template":"","format":"standard","meta":{"footnotes":""},"categories":[48,6],"tags":[],"class_list":["post-3198","post","type-post","status-publish","format-standard","has-post-thumbnail","hentry","category-alto-parana","category-noticias"],"featured_image_urls":{"full":["https:\/\/radioparquecde.com\/wp-content\/uploads\/2022\/06\/WhatsApp-Image-2022-06-27-at-7.20.45-AM-1.jpeg",1280,960,false],"thumbnail":["https:\/\/radioparquecde.com\/wp-content\/uploads\/2022\/06\/WhatsApp-Image-2022-06-27-at-7.20.45-AM-1-150x150.jpeg",150,150,true],"medium":["https:\/\/radioparquecde.com\/wp-content\/uploads\/2022\/06\/WhatsApp-Image-2022-06-27-at-7.20.45-AM-1-300x225.jpeg",300,225,true],"medium_large":["https:\/\/radioparquecde.com\/wp-content\/uploads\/2022\/06\/WhatsApp-Image-2022-06-27-at-7.20.45-AM-1-768x576.jpeg",640,480,true],"large":["https:\/\/radioparquecde.com\/wp-content\/uploads\/2022\/06\/WhatsApp-Image-2022-06-27-at-7.20.45-AM-1-1024x768.jpeg",640,480,true],"1536x1536":["https:\/\/radioparquecde.com\/wp-content\/uploads\/2022\/06\/WhatsApp-Image-2022-06-27-at-7.20.45-AM-1.jpeg",1280,960,false],"2048x2048":["https:\/\/radioparquecde.com\/wp-content\/uploads\/2022\/06\/WhatsApp-Image-2022-06-27-at-7.20.45-AM-1.jpeg",1280,960,false],"newsphere-slider-full":["https:\/\/radioparquecde.com\/wp-content\/uploads\/2022\/06\/WhatsApp-Image-2022-06-27-at-7.20.45-AM-1-1280x720.jpeg",1280,720,true],"newsphere-featured":["https:\/\/radioparquecde.com\/wp-content\/uploads\/2022\/06\/WhatsApp-Image-2022-06-27-at-7.20.45-AM-1-1024x768.jpeg",1024,768,true],"newsphere-medium":["https:\/\/radioparquecde.com\/wp-content\/uploads\/2022\/06\/WhatsApp-Image-2022-06-27-at-7.20.45-AM-1-720x380.jpeg",720,380,true]},"author_info":{"display_name":"Editor","author_link":"https:\/\/radioparquecde.com\/index.php\/author\/editor\/"},"category_info":"<a href=\"https:\/\/radioparquecde.com\/index.php\/category\/alto-parana\/\" rel=\"category tag\">ALTO PARAN\u00c1<\/a> <a href=\"https:\/\/radioparquecde.com\/index.php\/category\/noticias\/\" rel=\"category tag\">Noticias<\/a>","tag_info":"Noticias","comment_count":"0","_links":{"self":[{"href":"https:\/\/radioparquecde.com\/index.php\/wp-json\/wp\/v2\/posts\/3198","targetHints":{"allow":["GET"]}}],"collection":[{"href":"https:\/\/radioparquecde.com\/index.php\/wp-json\/wp\/v2\/posts"}],"about":[{"href":"https:\/\/radioparquecde.com\/index.php\/wp-json\/wp\/v2\/types\/post"}],"author":[{"embeddable":true,"href":"https:\/\/radioparquecde.com\/index.php\/wp-json\/wp\/v2\/users\/3"}],"replies":[{"embeddable":true,"href":"https:\/\/radioparquecde.com\/index.php\/wp-json\/wp\/v2\/comments?post=3198"}],"version-history":[{"count":2,"href":"https:\/\/radioparquecde.com\/index.php\/wp-json\/wp\/v2\/posts\/3198\/revisions"}],"predecessor-version":[{"id":3204,"href":"https:\/\/radioparquecde.com\/index.php\/wp-json\/wp\/v2\/posts\/3198\/revisions\/3204"}],"wp:featuredmedia":[{"embeddable":true,"href":"https:\/\/radioparquecde.com\/index.php\/wp-json\/wp\/v2\/media\/3200"}],"wp:attachment":[{"href":"https:\/\/radioparquecde.com\/index.php\/wp-json\/wp\/v2\/media?parent=3198"}],"wp:term":[{"taxonomy":"category","embeddable":true,"href":"https:\/\/radioparquecde.com\/index.php\/wp-json\/wp\/v2\/categories?post=3198"},{"taxonomy":"post_tag","embeddable":true,"href":"https:\/\/radioparquecde.com\/index.php\/wp-json\/wp\/v2\/tags?post=3198"}],"curies":[{"name":"wp","href":"https:\/\/api.w.org\/{rel}","templated":true}]}}