{"id":3207,"date":"2022-06-27T11:41:39","date_gmt":"2022-06-27T15:41:39","guid":{"rendered":"https:\/\/radioparquecde.com\/?p=3207"},"modified":"2022-06-27T11:41:40","modified_gmt":"2022-06-27T15:41:40","slug":"atrapan-a-sujeto-que-robo-celular-de-su-vecino","status":"publish","type":"post","link":"https:\/\/radioparquecde.com\/index.php\/2022\/06\/27\/atrapan-a-sujeto-que-robo-celular-de-su-vecino\/","title":{"rendered":"Atrapan a sujeto que rob\u00f3 celular de su vecino"},"content":{"rendered":"\n<p>PRESIDENTE FRANCO. Agentes de la subcomisaria 12\u00aa detuvieron a un delincuente con frondosos antecedentes, que cometi\u00f3 un asalto el domingo \u00faltimo. El procedimiento se llev\u00f3 a cabo en la noche del mismo d\u00eda en la v\u00eda p\u00fablica del barrio San Miguel, zona del km 5,5.<\/p>\n\n\n\n<figure class=\"wp-block-image size-large\"><img loading=\"lazy\" decoding=\"async\" width=\"768\" height=\"1024\" src=\"https:\/\/radioparquecde.com\/wp-content\/uploads\/2022\/06\/WhatsApp-Image-2022-06-27-at-7.05.41-AM-768x1024.jpeg\" alt=\"\" class=\"wp-image-3209\" srcset=\"https:\/\/radioparquecde.com\/wp-content\/uploads\/2022\/06\/WhatsApp-Image-2022-06-27-at-7.05.41-AM-768x1024.jpeg 768w, https:\/\/radioparquecde.com\/wp-content\/uploads\/2022\/06\/WhatsApp-Image-2022-06-27-at-7.05.41-AM-225x300.jpeg 225w, https:\/\/radioparquecde.com\/wp-content\/uploads\/2022\/06\/WhatsApp-Image-2022-06-27-at-7.05.41-AM.jpeg 867w\" sizes=\"auto, (max-width: 768px) 100vw, 768px\" \/><\/figure>\n\n\n\n<p>Se trata de Willian Ysa\u00edas G\u00f3mez Barrios, de 24 a\u00f1os, sindicado de robar un celular de la marca Samsung, modelo J2 Prime, color negro, propiedad de su vecino Jorge Gavil\u00e1n C\u00e9spedes (21). El bandido posee seis antecedentes por robo agravado, de acuerdo a los datos.<\/p>\n\n\n\n<p>Los efectivos estaban realizando una patrulla de rutina por el sector mencionado, cuando vieron al sujeto y procedieron a verificarlo, encontrando que posee orden de captura por robo. As\u00ed tambi\u00e9n, durante el cateo, se incaut\u00f3 de su poder un cuchillo de unos 30 cm con mango de pl\u00e1stico.<\/p>\n\n\n\n<p>Ya en la sede policial, G\u00f3mez Barrios confes\u00f3 que el celular de Gavil\u00e1n C\u00e9spedes lo vendi\u00f3 a un sujeto por G. 200.000. Este, posteriormente, devolvi\u00f3 el aparato a su due\u00f1o, seg\u00fan el reporte de la Polic\u00eda.<\/p>\n\n\n\n<p>La fiscal Liliana Denise Duarte dispuso que William Ysa\u00edas sea trasladado al calabozo de la Direcci\u00f3n de Polic\u00eda del Alto Paran\u00e1.<\/p>\n\n\n\n\n","protected":false},"excerpt":{"rendered":"<p>PRESIDENTE FRANCO. Agentes de la subcomisaria 12\u00aa detuvieron a un delincuente con frondosos antecedentes, que&#8230;<\/p>\n","protected":false},"author":3,"featured_media":3210,"comment_status":"closed","ping_status":"closed","sticky":false,"template":"","format":"standard","meta":{"footnotes":""},"categories":[48,6],"tags":[],"class_list":["post-3207","post","type-post","status-publish","format-standard","has-post-thumbnail","hentry","category-alto-parana","category-noticias"],"featured_image_urls":{"full":["https:\/\/radioparquecde.com\/wp-content\/uploads\/2022\/06\/WhatsApp-Image-2022-06-27-at-7.05.41-AM-1.jpeg",867,1156,false],"thumbnail":["https:\/\/radioparquecde.com\/wp-content\/uploads\/2022\/06\/WhatsApp-Image-2022-06-27-at-7.05.41-AM-1-150x150.jpeg",150,150,true],"medium":["https:\/\/radioparquecde.com\/wp-content\/uploads\/2022\/06\/WhatsApp-Image-2022-06-27-at-7.05.41-AM-1-225x300.jpeg",225,300,true],"medium_large":["https:\/\/radioparquecde.com\/wp-content\/uploads\/2022\/06\/WhatsApp-Image-2022-06-27-at-7.05.41-AM-1-768x1024.jpeg",640,853,true],"large":["https:\/\/radioparquecde.com\/wp-content\/uploads\/2022\/06\/WhatsApp-Image-2022-06-27-at-7.05.41-AM-1-768x1024.jpeg",640,853,true],"1536x1536":["https:\/\/radioparquecde.com\/wp-content\/uploads\/2022\/06\/WhatsApp-Image-2022-06-27-at-7.05.41-AM-1.jpeg",867,1156,false],"2048x2048":["https:\/\/radioparquecde.com\/wp-content\/uploads\/2022\/06\/WhatsApp-Image-2022-06-27-at-7.05.41-AM-1.jpeg",867,1156,false],"newsphere-slider-full":["https:\/\/radioparquecde.com\/wp-content\/uploads\/2022\/06\/WhatsApp-Image-2022-06-27-at-7.05.41-AM-1-867x720.jpeg",867,720,true],"newsphere-featured":["https:\/\/radioparquecde.com\/wp-content\/uploads\/2022\/06\/WhatsApp-Image-2022-06-27-at-7.05.41-AM-1.jpeg",867,1156,false],"newsphere-medium":["https:\/\/radioparquecde.com\/wp-content\/uploads\/2022\/06\/WhatsApp-Image-2022-06-27-at-7.05.41-AM-1-720x380.jpeg",720,380,true]},"author_info":{"display_name":"Editor","author_link":"https:\/\/radioparquecde.com\/index.php\/author\/editor\/"},"category_info":"<a href=\"https:\/\/radioparquecde.com\/index.php\/category\/alto-parana\/\" rel=\"category tag\">ALTO PARAN\u00c1<\/a> <a href=\"https:\/\/radioparquecde.com\/index.php\/category\/noticias\/\" rel=\"category tag\">Noticias<\/a>","tag_info":"Noticias","comment_count":"0","_links":{"self":[{"href":"https:\/\/radioparquecde.com\/index.php\/wp-json\/wp\/v2\/posts\/3207","targetHints":{"allow":["GET"]}}],"collection":[{"href":"https:\/\/radioparquecde.com\/index.php\/wp-json\/wp\/v2\/posts"}],"about":[{"href":"https:\/\/radioparquecde.com\/index.php\/wp-json\/wp\/v2\/types\/post"}],"author":[{"embeddable":true,"href":"https:\/\/radioparquecde.com\/index.php\/wp-json\/wp\/v2\/users\/3"}],"replies":[{"embeddable":true,"href":"https:\/\/radioparquecde.com\/index.php\/wp-json\/wp\/v2\/comments?post=3207"}],"version-history":[{"count":1,"href":"https:\/\/radioparquecde.com\/index.php\/wp-json\/wp\/v2\/posts\/3207\/revisions"}],"predecessor-version":[{"id":3211,"href":"https:\/\/radioparquecde.com\/index.php\/wp-json\/wp\/v2\/posts\/3207\/revisions\/3211"}],"wp:featuredmedia":[{"embeddable":true,"href":"https:\/\/radioparquecde.com\/index.php\/wp-json\/wp\/v2\/media\/3210"}],"wp:attachment":[{"href":"https:\/\/radioparquecde.com\/index.php\/wp-json\/wp\/v2\/media?parent=3207"}],"wp:term":[{"taxonomy":"category","embeddable":true,"href":"https:\/\/radioparquecde.com\/index.php\/wp-json\/wp\/v2\/categories?post=3207"},{"taxonomy":"post_tag","embeddable":true,"href":"https:\/\/radioparquecde.com\/index.php\/wp-json\/wp\/v2\/tags?post=3207"}],"curies":[{"name":"wp","href":"https:\/\/api.w.org\/{rel}","templated":true}]}}