{"id":3267,"date":"2022-06-28T08:20:22","date_gmt":"2022-06-28T12:20:22","guid":{"rendered":"https:\/\/radioparquecde.com\/?p=3267"},"modified":"2022-06-28T08:20:24","modified_gmt":"2022-06-28T12:20:24","slug":"abasto-este-se-instalara-en-el-km-145-de-minga-guazu","status":"publish","type":"post","link":"https:\/\/radioparquecde.com\/index.php\/2022\/06\/28\/abasto-este-se-instalara-en-el-km-145-de-minga-guazu\/","title":{"rendered":"\u201cAbasto Este\u201d se instalar\u00e1 en el km 14,5 de Minga Guaz\u00fa"},"content":{"rendered":"\n<p>Mediante una inversi\u00f3n de USD 10 millones, se construir\u00e1 el \u201cAbasto Este\u201d en la ciudad de Minga Guaz\u00fa. El objetivo es seguir fomentando la comercializaci\u00f3n de productos mayoristas y minoristas de diversos rubros en el departamento de Alto Paran\u00e1. El emprendimiento constar\u00e1 de 16.000 m2, de los cuales 14.000 m2 ser\u00e1n alquilables, seg\u00fan anunci\u00f3 el grupo inversor.<\/p>\n\n\n\n<p>Tras el \u00e9xito del \u201cAbasto Norte\u201d, instalado desde hace una d\u00e9cada en la ciudad de Limpio, el nuevo mercado privado se erigir\u00e1 en un predio de 10 hect\u00e1reas, ubicado en el km 14,5 de la Ruta PY02 del municipio minguero. Las primeras intervenciones ya se iniciaron y la habilitaci\u00f3n est\u00e1 prevista para el segundo trimestre del 2023.<\/p>\n\n\n\n<p>Jorge Mendelz\u00f3n, presidente del grupo Abasto SA, explic\u00f3 que Alto Paran\u00e1 experimenta un enorme crecimiento en los \u00faltimos a\u00f1os, producto de las inversiones p\u00fablicas y privadas. \u201cEl Este es la segunda zona m\u00e1s pujante del pa\u00eds, que se caracteriza justamente por su gran potencial. Se pueden apreciar all\u00ed las obras de infraestructura que se est\u00e1n desarrollando y las que se vienen, productos del segundo puente. Elegimos Minga Guaz\u00fa para instalar el \u2018Abasto Este\u2019 por ser un polo de desarrollo y porque converge con las ciudades de Presidente Franco, Hernandarias y Ciudad del Este\u201d, indic\u00f3.<\/p>\n\n\n\n<figure class=\"wp-block-image size-large\"><img loading=\"lazy\" decoding=\"async\" width=\"1024\" height=\"561\" src=\"https:\/\/radioparquecde.com\/wp-content\/uploads\/2022\/06\/PAG-7-A-7-1024x561.jpg\" alt=\"\" class=\"wp-image-3269\" srcset=\"https:\/\/radioparquecde.com\/wp-content\/uploads\/2022\/06\/PAG-7-A-7-1024x561.jpg 1024w, https:\/\/radioparquecde.com\/wp-content\/uploads\/2022\/06\/PAG-7-A-7-300x164.jpg 300w, https:\/\/radioparquecde.com\/wp-content\/uploads\/2022\/06\/PAG-7-A-7-768x421.jpg 768w, https:\/\/radioparquecde.com\/wp-content\/uploads\/2022\/06\/PAG-7-A-7-1536x842.jpg 1536w, https:\/\/radioparquecde.com\/wp-content\/uploads\/2022\/06\/PAG-7-A-7.jpg 1575w\" sizes=\"auto, (max-width: 1024px) 100vw, 1024px\" \/><\/figure>\n\n\n\n<p>Respecto a la comercializaci\u00f3n de productos, el empresario se\u00f1al\u00f3 que importantes industrias y productores agr\u00edcolas de la zona y otros puntos del territorio ya manifestaron su inter\u00e9s en el proyecto. \u201cEstamos haciendo los primeros acercamientos\u201d, puntualiz\u00f3.<\/p>\n\n\n\n<p>El emprendimiento traer\u00e1 seis bloques con espacios para locatarios mayoristas y minoristas, adem\u00e1s de un amplio estacionamiento con una capacidad para unos 1.000 veh\u00edculos. En ese sentido, el predio contar\u00e1 con un bloque industrial, de servicios, gastron\u00f3mico, frutihort\u00edcola, un gran show room para lanzamientos o exposiciones, entre otros espacios.<\/p>\n","protected":false},"excerpt":{"rendered":"<p>Mediante una inversi\u00f3n de USD 10 millones, se construir\u00e1 el \u201cAbasto Este\u201d en la ciudad&#8230;<\/p>\n","protected":false},"author":3,"featured_media":3270,"comment_status":"closed","ping_status":"closed","sticky":false,"template":"","format":"standard","meta":{"footnotes":""},"categories":[48,5],"tags":[],"class_list":["post-3267","post","type-post","status-publish","format-standard","has-post-thumbnail","hentry","category-alto-parana","category-economia"],"featured_image_urls":{"full":["https:\/\/radioparquecde.com\/wp-content\/uploads\/2022\/06\/PAG-7-A-7-1.jpg",1575,863,false],"thumbnail":["https:\/\/radioparquecde.com\/wp-content\/uploads\/2022\/06\/PAG-7-A-7-1-150x150.jpg",150,150,true],"medium":["https:\/\/radioparquecde.com\/wp-content\/uploads\/2022\/06\/PAG-7-A-7-1-300x164.jpg",300,164,true],"medium_large":["https:\/\/radioparquecde.com\/wp-content\/uploads\/2022\/06\/PAG-7-A-7-1-768x421.jpg",640,351,true],"large":["https:\/\/radioparquecde.com\/wp-content\/uploads\/2022\/06\/PAG-7-A-7-1-1024x561.jpg",640,351,true],"1536x1536":["https:\/\/radioparquecde.com\/wp-content\/uploads\/2022\/06\/PAG-7-A-7-1-1536x842.jpg",1536,842,true],"2048x2048":["https:\/\/radioparquecde.com\/wp-content\/uploads\/2022\/06\/PAG-7-A-7-1.jpg",1575,863,false],"newsphere-slider-full":["https:\/\/radioparquecde.com\/wp-content\/uploads\/2022\/06\/PAG-7-A-7-1-1280x720.jpg",1280,720,true],"newsphere-featured":["https:\/\/radioparquecde.com\/wp-content\/uploads\/2022\/06\/PAG-7-A-7-1-1024x561.jpg",1024,561,true],"newsphere-medium":["https:\/\/radioparquecde.com\/wp-content\/uploads\/2022\/06\/PAG-7-A-7-1-720x380.jpg",720,380,true]},"author_info":{"display_name":"Editor","author_link":"https:\/\/radioparquecde.com\/index.php\/author\/editor\/"},"category_info":"<a href=\"https:\/\/radioparquecde.com\/index.php\/category\/alto-parana\/\" rel=\"category tag\">ALTO PARAN\u00c1<\/a> <a href=\"https:\/\/radioparquecde.com\/index.php\/category\/noticias\/economia\/\" rel=\"category tag\">Econom\u00eda<\/a>","tag_info":"Econom\u00eda","comment_count":"0","_links":{"self":[{"href":"https:\/\/radioparquecde.com\/index.php\/wp-json\/wp\/v2\/posts\/3267","targetHints":{"allow":["GET"]}}],"collection":[{"href":"https:\/\/radioparquecde.com\/index.php\/wp-json\/wp\/v2\/posts"}],"about":[{"href":"https:\/\/radioparquecde.com\/index.php\/wp-json\/wp\/v2\/types\/post"}],"author":[{"embeddable":true,"href":"https:\/\/radioparquecde.com\/index.php\/wp-json\/wp\/v2\/users\/3"}],"replies":[{"embeddable":true,"href":"https:\/\/radioparquecde.com\/index.php\/wp-json\/wp\/v2\/comments?post=3267"}],"version-history":[{"count":1,"href":"https:\/\/radioparquecde.com\/index.php\/wp-json\/wp\/v2\/posts\/3267\/revisions"}],"predecessor-version":[{"id":3271,"href":"https:\/\/radioparquecde.com\/index.php\/wp-json\/wp\/v2\/posts\/3267\/revisions\/3271"}],"wp:featuredmedia":[{"embeddable":true,"href":"https:\/\/radioparquecde.com\/index.php\/wp-json\/wp\/v2\/media\/3270"}],"wp:attachment":[{"href":"https:\/\/radioparquecde.com\/index.php\/wp-json\/wp\/v2\/media?parent=3267"}],"wp:term":[{"taxonomy":"category","embeddable":true,"href":"https:\/\/radioparquecde.com\/index.php\/wp-json\/wp\/v2\/categories?post=3267"},{"taxonomy":"post_tag","embeddable":true,"href":"https:\/\/radioparquecde.com\/index.php\/wp-json\/wp\/v2\/tags?post=3267"}],"curies":[{"name":"wp","href":"https:\/\/api.w.org\/{rel}","templated":true}]}}