{"id":3309,"date":"2022-06-29T08:10:53","date_gmt":"2022-06-29T12:10:53","guid":{"rendered":"https:\/\/radioparquecde.com\/?p=3309"},"modified":"2022-06-29T08:10:55","modified_gmt":"2022-06-29T12:10:55","slug":"dictan-condena-de-6-anos-de-carcel-por-robo-de-celular","status":"publish","type":"post","link":"https:\/\/radioparquecde.com\/index.php\/2022\/06\/29\/dictan-condena-de-6-anos-de-carcel-por-robo-de-celular\/","title":{"rendered":"Dictan condena de 6 a\u00f1os de c\u00e1rcel por robo de celular"},"content":{"rendered":"\n<p>El caso de una adolescente de 15 a\u00f1os asaltada a punta de arma blanca en Villa Elisa no qued\u00f3 impune, pues la Justicia conden\u00f3 al responsable a seis a\u00f1os de c\u00e1rcel.<\/p>\n\n\n\n<p>A lo mismo se expone cualquier delincuente.<\/p>\n\n\n\n<p>Carlos Valent\u00edn Insfr\u00e1n Bogado fue sentenciado a seis a\u00f1os de pena privativa de libertad durante un juicio oral y p\u00fablico, tras ser hallado culpable de un hecho de robo agravado<\/p>\n\n\n\n<p>La investigaci\u00f3n la llev\u00f3 adelante la fiscal Soledad Gonz\u00e1lez, quien present\u00f3 las evidencias suficientes para demostrar la culpabilidad del hoy condenado.<\/p>\n\n\n\n<p>El caso data del 20 de julio del 2020, cuando alrededor de las 9:50 de la ma\u00f1ana, una menor de 15 a\u00f1os En el trayecto fue asaltada por Carlos Insfr\u00e1n, quien la amenaz\u00f3 con un cuchillo tramontina de 20 cm y le arrebat\u00f3 el celular. Vecinos que presenciaron el hecho vieron que el ladr\u00f3n ingres\u00f3 a una casa de la cuadra y avisaron a la Comisar\u00eda 13\u00aa, cuyos agentes acudieron y detuvieron al autor. En su poder encontraron el arma y el tel\u00e9fono de la v\u00edctima. Caminaba por las calles del barrio Bonita de Villa Elisa, rumbo a su domicilio<\/p>\n\n\n\n<figure class=\"wp-block-image size-full\"><img loading=\"lazy\" decoding=\"async\" width=\"760\" height=\"420\" src=\"https:\/\/radioparquecde.com\/wp-content\/uploads\/2022\/06\/manuel-santiago-perez_6200034_20220510111658-760x420-1.jpg\" alt=\"\" class=\"wp-image-3311\" srcset=\"https:\/\/radioparquecde.com\/wp-content\/uploads\/2022\/06\/manuel-santiago-perez_6200034_20220510111658-760x420-1.jpg 760w, https:\/\/radioparquecde.com\/wp-content\/uploads\/2022\/06\/manuel-santiago-perez_6200034_20220510111658-760x420-1-300x166.jpg 300w\" sizes=\"auto, (max-width: 760px) 100vw, 760px\" \/><\/figure>\n","protected":false},"excerpt":{"rendered":"<p>El caso de una adolescente de 15 a\u00f1os asaltada a punta de arma blanca en&#8230;<\/p>\n","protected":false},"author":3,"featured_media":3312,"comment_status":"closed","ping_status":"closed","sticky":false,"template":"","format":"standard","meta":{"footnotes":""},"categories":[2,6],"tags":[],"class_list":["post-3309","post","type-post","status-publish","format-standard","has-post-thumbnail","hentry","category-destacadas","category-noticias"],"featured_image_urls":{"full":["https:\/\/radioparquecde.com\/wp-content\/uploads\/2022\/06\/manuel-santiago-perez_6200034_20220510111658-760x420-2.jpg",760,420,false],"thumbnail":["https:\/\/radioparquecde.com\/wp-content\/uploads\/2022\/06\/manuel-santiago-perez_6200034_20220510111658-760x420-2-150x150.jpg",150,150,true],"medium":["https:\/\/radioparquecde.com\/wp-content\/uploads\/2022\/06\/manuel-santiago-perez_6200034_20220510111658-760x420-2-300x166.jpg",300,166,true],"medium_large":["https:\/\/radioparquecde.com\/wp-content\/uploads\/2022\/06\/manuel-santiago-perez_6200034_20220510111658-760x420-2.jpg",640,354,false],"large":["https:\/\/radioparquecde.com\/wp-content\/uploads\/2022\/06\/manuel-santiago-perez_6200034_20220510111658-760x420-2.jpg",640,354,false],"1536x1536":["https:\/\/radioparquecde.com\/wp-content\/uploads\/2022\/06\/manuel-santiago-perez_6200034_20220510111658-760x420-2.jpg",760,420,false],"2048x2048":["https:\/\/radioparquecde.com\/wp-content\/uploads\/2022\/06\/manuel-santiago-perez_6200034_20220510111658-760x420-2.jpg",760,420,false],"newsphere-slider-full":["https:\/\/radioparquecde.com\/wp-content\/uploads\/2022\/06\/manuel-santiago-perez_6200034_20220510111658-760x420-2.jpg",760,420,false],"newsphere-featured":["https:\/\/radioparquecde.com\/wp-content\/uploads\/2022\/06\/manuel-santiago-perez_6200034_20220510111658-760x420-2.jpg",760,420,false],"newsphere-medium":["https:\/\/radioparquecde.com\/wp-content\/uploads\/2022\/06\/manuel-santiago-perez_6200034_20220510111658-760x420-2-720x380.jpg",720,380,true]},"author_info":{"display_name":"Editor","author_link":"https:\/\/radioparquecde.com\/index.php\/author\/editor\/"},"category_info":"<a href=\"https:\/\/radioparquecde.com\/index.php\/category\/noticias\/destacadas\/\" rel=\"category tag\">Destacadas<\/a> <a href=\"https:\/\/radioparquecde.com\/index.php\/category\/noticias\/\" rel=\"category tag\">Noticias<\/a>","tag_info":"Noticias","comment_count":"0","_links":{"self":[{"href":"https:\/\/radioparquecde.com\/index.php\/wp-json\/wp\/v2\/posts\/3309","targetHints":{"allow":["GET"]}}],"collection":[{"href":"https:\/\/radioparquecde.com\/index.php\/wp-json\/wp\/v2\/posts"}],"about":[{"href":"https:\/\/radioparquecde.com\/index.php\/wp-json\/wp\/v2\/types\/post"}],"author":[{"embeddable":true,"href":"https:\/\/radioparquecde.com\/index.php\/wp-json\/wp\/v2\/users\/3"}],"replies":[{"embeddable":true,"href":"https:\/\/radioparquecde.com\/index.php\/wp-json\/wp\/v2\/comments?post=3309"}],"version-history":[{"count":1,"href":"https:\/\/radioparquecde.com\/index.php\/wp-json\/wp\/v2\/posts\/3309\/revisions"}],"predecessor-version":[{"id":3313,"href":"https:\/\/radioparquecde.com\/index.php\/wp-json\/wp\/v2\/posts\/3309\/revisions\/3313"}],"wp:featuredmedia":[{"embeddable":true,"href":"https:\/\/radioparquecde.com\/index.php\/wp-json\/wp\/v2\/media\/3312"}],"wp:attachment":[{"href":"https:\/\/radioparquecde.com\/index.php\/wp-json\/wp\/v2\/media?parent=3309"}],"wp:term":[{"taxonomy":"category","embeddable":true,"href":"https:\/\/radioparquecde.com\/index.php\/wp-json\/wp\/v2\/categories?post=3309"},{"taxonomy":"post_tag","embeddable":true,"href":"https:\/\/radioparquecde.com\/index.php\/wp-json\/wp\/v2\/tags?post=3309"}],"curies":[{"name":"wp","href":"https:\/\/api.w.org\/{rel}","templated":true}]}}