{"id":3359,"date":"2022-06-30T09:11:32","date_gmt":"2022-06-30T13:11:32","guid":{"rendered":"https:\/\/radioparquecde.com\/?p=3359"},"modified":"2022-06-30T09:11:34","modified_gmt":"2022-06-30T13:11:34","slug":"realizan-7-allanamientos-en-simultaneo-por-supuesta-explotacion-sexual-infantil","status":"publish","type":"post","link":"https:\/\/radioparquecde.com\/index.php\/2022\/06\/30\/realizan-7-allanamientos-en-simultaneo-por-supuesta-explotacion-sexual-infantil\/","title":{"rendered":"Realizan 7 allanamientos en simult\u00e1neo por supuesta explotaci\u00f3n sexual infantil"},"content":{"rendered":"\n<p>El Departamento de Cibercrimen de la Polic\u00eda Nacional y el Ministerio P\u00fablico conjuntamente realizan 7 allanamientos en simult\u00e1neo en los departamentos de Central, Itap\u00faa y Alto Paran\u00e1\u00a0 por delitos inform\u00e1ticos en el marco de la lucha contra la explotaci\u00f3n sexual infantil. Se trata de un procedimiento que se enmarca dentro de la operaci\u00f3n \u00abLuz de Infancia\u00bb.<\/p>\n\n\n\n<p>El comisario Diosnel Alarc\u00f3n, jefe del Departamento de Cibercrimen de la Polic\u00eda Nacional, manifest\u00f3 que a trav\u00e9s de un ciber patrullaje que realizaron encontraron en total 10.000 im\u00e1genes y videos que contienen abusos de ni\u00f1os, ni\u00f1as y adolescentes. Mencion\u00f3 adem\u00e1s que analizar\u00e1n los materiales para saber si fueron tambi\u00e9n v\u00edctimas menores paraguayos.<\/p>\n\n\n\n<figure class=\"wp-block-image size-full\"><img loading=\"lazy\" decoding=\"async\" width=\"650\" height=\"449\" src=\"https:\/\/radioparquecde.com\/wp-content\/uploads\/2022\/06\/menores-anos-sufren-violencia-sexual-1.jpeg\" alt=\"\" class=\"wp-image-3361\" srcset=\"https:\/\/radioparquecde.com\/wp-content\/uploads\/2022\/06\/menores-anos-sufren-violencia-sexual-1.jpeg 650w, https:\/\/radioparquecde.com\/wp-content\/uploads\/2022\/06\/menores-anos-sufren-violencia-sexual-1-300x207.jpeg 300w\" sizes=\"auto, (max-width: 650px) 100vw, 650px\" \/><\/figure>\n","protected":false},"excerpt":{"rendered":"<p>El Departamento de Cibercrimen de la Polic\u00eda Nacional y el Ministerio P\u00fablico conjuntamente realizan 7&#8230;<\/p>\n","protected":false},"author":3,"featured_media":3362,"comment_status":"closed","ping_status":"closed","sticky":false,"template":"","format":"standard","meta":{"footnotes":""},"categories":[2,6],"tags":[],"class_list":["post-3359","post","type-post","status-publish","format-standard","has-post-thumbnail","hentry","category-destacadas","category-noticias"],"featured_image_urls":{"full":["https:\/\/radioparquecde.com\/wp-content\/uploads\/2022\/06\/menores-anos-sufren-violencia-sexual-1-1.jpeg",650,449,false],"thumbnail":["https:\/\/radioparquecde.com\/wp-content\/uploads\/2022\/06\/menores-anos-sufren-violencia-sexual-1-1-150x150.jpeg",150,150,true],"medium":["https:\/\/radioparquecde.com\/wp-content\/uploads\/2022\/06\/menores-anos-sufren-violencia-sexual-1-1-300x207.jpeg",300,207,true],"medium_large":["https:\/\/radioparquecde.com\/wp-content\/uploads\/2022\/06\/menores-anos-sufren-violencia-sexual-1-1.jpeg",640,442,false],"large":["https:\/\/radioparquecde.com\/wp-content\/uploads\/2022\/06\/menores-anos-sufren-violencia-sexual-1-1.jpeg",640,442,false],"1536x1536":["https:\/\/radioparquecde.com\/wp-content\/uploads\/2022\/06\/menores-anos-sufren-violencia-sexual-1-1.jpeg",650,449,false],"2048x2048":["https:\/\/radioparquecde.com\/wp-content\/uploads\/2022\/06\/menores-anos-sufren-violencia-sexual-1-1.jpeg",650,449,false],"newsphere-slider-full":["https:\/\/radioparquecde.com\/wp-content\/uploads\/2022\/06\/menores-anos-sufren-violencia-sexual-1-1.jpeg",650,449,false],"newsphere-featured":["https:\/\/radioparquecde.com\/wp-content\/uploads\/2022\/06\/menores-anos-sufren-violencia-sexual-1-1.jpeg",650,449,false],"newsphere-medium":["https:\/\/radioparquecde.com\/wp-content\/uploads\/2022\/06\/menores-anos-sufren-violencia-sexual-1-1-650x380.jpeg",650,380,true]},"author_info":{"display_name":"Editor","author_link":"https:\/\/radioparquecde.com\/index.php\/author\/editor\/"},"category_info":"<a href=\"https:\/\/radioparquecde.com\/index.php\/category\/noticias\/destacadas\/\" rel=\"category tag\">Destacadas<\/a> <a href=\"https:\/\/radioparquecde.com\/index.php\/category\/noticias\/\" rel=\"category tag\">Noticias<\/a>","tag_info":"Noticias","comment_count":"0","_links":{"self":[{"href":"https:\/\/radioparquecde.com\/index.php\/wp-json\/wp\/v2\/posts\/3359","targetHints":{"allow":["GET"]}}],"collection":[{"href":"https:\/\/radioparquecde.com\/index.php\/wp-json\/wp\/v2\/posts"}],"about":[{"href":"https:\/\/radioparquecde.com\/index.php\/wp-json\/wp\/v2\/types\/post"}],"author":[{"embeddable":true,"href":"https:\/\/radioparquecde.com\/index.php\/wp-json\/wp\/v2\/users\/3"}],"replies":[{"embeddable":true,"href":"https:\/\/radioparquecde.com\/index.php\/wp-json\/wp\/v2\/comments?post=3359"}],"version-history":[{"count":1,"href":"https:\/\/radioparquecde.com\/index.php\/wp-json\/wp\/v2\/posts\/3359\/revisions"}],"predecessor-version":[{"id":3363,"href":"https:\/\/radioparquecde.com\/index.php\/wp-json\/wp\/v2\/posts\/3359\/revisions\/3363"}],"wp:featuredmedia":[{"embeddable":true,"href":"https:\/\/radioparquecde.com\/index.php\/wp-json\/wp\/v2\/media\/3362"}],"wp:attachment":[{"href":"https:\/\/radioparquecde.com\/index.php\/wp-json\/wp\/v2\/media?parent=3359"}],"wp:term":[{"taxonomy":"category","embeddable":true,"href":"https:\/\/radioparquecde.com\/index.php\/wp-json\/wp\/v2\/categories?post=3359"},{"taxonomy":"post_tag","embeddable":true,"href":"https:\/\/radioparquecde.com\/index.php\/wp-json\/wp\/v2\/tags?post=3359"}],"curies":[{"name":"wp","href":"https:\/\/api.w.org\/{rel}","templated":true}]}}