{"id":3414,"date":"2022-07-02T08:52:29","date_gmt":"2022-07-02T12:52:29","guid":{"rendered":"https:\/\/radioparquecde.com\/?p=3414"},"modified":"2022-07-02T08:52:31","modified_gmt":"2022-07-02T12:52:31","slug":"choque-y-vuelco-en-microcentro-dos-hombres-fueron-detenidos-tras-intentar-huir","status":"publish","type":"post","link":"https:\/\/radioparquecde.com\/index.php\/2022\/07\/02\/choque-y-vuelco-en-microcentro-dos-hombres-fueron-detenidos-tras-intentar-huir\/","title":{"rendered":"Choque y vuelco en microcentro: dos hombres fueron detenidos tras intentar huir"},"content":{"rendered":"\n<p>Un \u00f3mnibus de la L\u00ednea 88 y una camioneta chocaron esta madrugada sobre Herrera y Yegros, pleno microcentro de la capital. Tras la fuerte colisi\u00f3n, el colectivo volc\u00f3 y el veh\u00edculo de menor porte qued\u00f3 con severos da\u00f1os. Los dos ocupantes de este \u00faltimo rodado huyeron a pie, pero posteriormente fueron detenidos sobre la avenida Rodr\u00edguez de Francia.<\/p>\n\n\n\n<p>El accidente se registr\u00f3 a las 05:45 de este s\u00e1bado e involucr\u00f3 a un bus marca Mercedes Benz, al servicio de la L\u00ednea 88, que circulaba sobre la calle Herrera, y una camioneta blanca, marca Jeep, que iba por la calle Yegros. El chofer del bus fue identificado por la Polic\u00eda como Cleto Ferreira Brizuela, de 56 a\u00f1os, mientras que los ocupantes del otro rodado son Christian Larreinegabe Benza, de 47 a\u00f1os, y V\u00edctor Manuel Florent\u00edn Cristaldo, de 41 a\u00f1os.<\/p>\n\n\n\n<p>Tras la fuerte colisi\u00f3n, los dos hombres salieron de la Jeep y se fueron caminando por la calle Yegros con destino a la avenida Jos\u00e9 Gaspar Rodr\u00edguez de Francia, pero luego fueron aprehendidos y trasladados hasta la sede de Investigaci\u00f3n de Delitos para ser sometidos al alcotest<\/p>\n\n\n\n<figure class=\"wp-block-image size-full\"><img loading=\"lazy\" decoding=\"async\" width=\"770\" height=\"433\" src=\"https:\/\/radioparquecde.com\/wp-content\/uploads\/2022\/07\/TVV2BBTW3NGELGPE3KIDVU27XQ.jpg\" alt=\"\" class=\"wp-image-3416\" srcset=\"https:\/\/radioparquecde.com\/wp-content\/uploads\/2022\/07\/TVV2BBTW3NGELGPE3KIDVU27XQ.jpg 770w, https:\/\/radioparquecde.com\/wp-content\/uploads\/2022\/07\/TVV2BBTW3NGELGPE3KIDVU27XQ-300x169.jpg 300w, https:\/\/radioparquecde.com\/wp-content\/uploads\/2022\/07\/TVV2BBTW3NGELGPE3KIDVU27XQ-768x432.jpg 768w\" sizes=\"auto, (max-width: 770px) 100vw, 770px\" \/><\/figure>\n","protected":false},"excerpt":{"rendered":"<p>Un \u00f3mnibus de la L\u00ednea 88 y una camioneta chocaron esta madrugada sobre Herrera y&#8230;<\/p>\n","protected":false},"author":3,"featured_media":3417,"comment_status":"closed","ping_status":"closed","sticky":false,"template":"","format":"standard","meta":{"footnotes":""},"categories":[2,6],"tags":[],"class_list":["post-3414","post","type-post","status-publish","format-standard","has-post-thumbnail","hentry","category-destacadas","category-noticias"],"featured_image_urls":{"full":["https:\/\/radioparquecde.com\/wp-content\/uploads\/2022\/07\/TVV2BBTW3NGELGPE3KIDVU27XQ-1.jpg",770,433,false],"thumbnail":["https:\/\/radioparquecde.com\/wp-content\/uploads\/2022\/07\/TVV2BBTW3NGELGPE3KIDVU27XQ-1-150x150.jpg",150,150,true],"medium":["https:\/\/radioparquecde.com\/wp-content\/uploads\/2022\/07\/TVV2BBTW3NGELGPE3KIDVU27XQ-1-300x169.jpg",300,169,true],"medium_large":["https:\/\/radioparquecde.com\/wp-content\/uploads\/2022\/07\/TVV2BBTW3NGELGPE3KIDVU27XQ-1-768x432.jpg",640,360,true],"large":["https:\/\/radioparquecde.com\/wp-content\/uploads\/2022\/07\/TVV2BBTW3NGELGPE3KIDVU27XQ-1.jpg",640,360,false],"1536x1536":["https:\/\/radioparquecde.com\/wp-content\/uploads\/2022\/07\/TVV2BBTW3NGELGPE3KIDVU27XQ-1.jpg",770,433,false],"2048x2048":["https:\/\/radioparquecde.com\/wp-content\/uploads\/2022\/07\/TVV2BBTW3NGELGPE3KIDVU27XQ-1.jpg",770,433,false],"newsphere-slider-full":["https:\/\/radioparquecde.com\/wp-content\/uploads\/2022\/07\/TVV2BBTW3NGELGPE3KIDVU27XQ-1.jpg",770,433,false],"newsphere-featured":["https:\/\/radioparquecde.com\/wp-content\/uploads\/2022\/07\/TVV2BBTW3NGELGPE3KIDVU27XQ-1.jpg",770,433,false],"newsphere-medium":["https:\/\/radioparquecde.com\/wp-content\/uploads\/2022\/07\/TVV2BBTW3NGELGPE3KIDVU27XQ-1-720x380.jpg",720,380,true]},"author_info":{"display_name":"Editor","author_link":"https:\/\/radioparquecde.com\/index.php\/author\/editor\/"},"category_info":"<a href=\"https:\/\/radioparquecde.com\/index.php\/category\/noticias\/destacadas\/\" rel=\"category tag\">Destacadas<\/a> <a href=\"https:\/\/radioparquecde.com\/index.php\/category\/noticias\/\" rel=\"category tag\">Noticias<\/a>","tag_info":"Noticias","comment_count":"0","_links":{"self":[{"href":"https:\/\/radioparquecde.com\/index.php\/wp-json\/wp\/v2\/posts\/3414","targetHints":{"allow":["GET"]}}],"collection":[{"href":"https:\/\/radioparquecde.com\/index.php\/wp-json\/wp\/v2\/posts"}],"about":[{"href":"https:\/\/radioparquecde.com\/index.php\/wp-json\/wp\/v2\/types\/post"}],"author":[{"embeddable":true,"href":"https:\/\/radioparquecde.com\/index.php\/wp-json\/wp\/v2\/users\/3"}],"replies":[{"embeddable":true,"href":"https:\/\/radioparquecde.com\/index.php\/wp-json\/wp\/v2\/comments?post=3414"}],"version-history":[{"count":1,"href":"https:\/\/radioparquecde.com\/index.php\/wp-json\/wp\/v2\/posts\/3414\/revisions"}],"predecessor-version":[{"id":3418,"href":"https:\/\/radioparquecde.com\/index.php\/wp-json\/wp\/v2\/posts\/3414\/revisions\/3418"}],"wp:featuredmedia":[{"embeddable":true,"href":"https:\/\/radioparquecde.com\/index.php\/wp-json\/wp\/v2\/media\/3417"}],"wp:attachment":[{"href":"https:\/\/radioparquecde.com\/index.php\/wp-json\/wp\/v2\/media?parent=3414"}],"wp:term":[{"taxonomy":"category","embeddable":true,"href":"https:\/\/radioparquecde.com\/index.php\/wp-json\/wp\/v2\/categories?post=3414"},{"taxonomy":"post_tag","embeddable":true,"href":"https:\/\/radioparquecde.com\/index.php\/wp-json\/wp\/v2\/tags?post=3414"}],"curies":[{"name":"wp","href":"https:\/\/api.w.org\/{rel}","templated":true}]}}