{"id":3424,"date":"2022-07-04T08:17:54","date_gmt":"2022-07-04T12:17:54","guid":{"rendered":"https:\/\/radioparquecde.com\/?p=3424"},"modified":"2022-07-04T08:18:48","modified_gmt":"2022-07-04T12:18:48","slug":"siniestro-vial-se-cobra-la-vida-de-un-jefe-policial","status":"publish","type":"post","link":"https:\/\/radioparquecde.com\/index.php\/2022\/07\/04\/siniestro-vial-se-cobra-la-vida-de-un-jefe-policial\/","title":{"rendered":"Siniestro vial se cobra la vida de un jefe policial"},"content":{"rendered":"\n<p>El subcomisario Gustavo Javier Rodr\u00edguez Villalba, de 41 a\u00f1os, result\u00f3 v\u00edctima fatal en el siniestro vial registrado ayer domingo, en el distrito de Guayaib\u00ed, seg\u00fan confirm\u00f3 el comisario Atilio Baz\u00e1n, director de Polic\u00eda del Departamento de San Pedro.<\/p>\n\n\n\n<p>El jefe policial precis\u00f3 que el percance ocurri\u00f3 aproximadamente a las 18:00 horas, a la altura del kil\u00f3metro 242 de la Ruta PY 08.<\/p>\n\n\n\n<p>Detall\u00f3 que el accidente involucr\u00f3 a tres veh\u00edculos, un cami\u00f3n tipo volquete de la marca Scania, una camioneta Toyota, tipo Fortuner y otra camioneta Toyota, tipo Hilux.<\/p>\n\n\n\n<p>Baz\u00e1n se\u00f1al\u00f3 que su camarada fallecido viajaba en la Toyota Hilux y mencion\u00f3 que tras producirse la colisi\u00f3n este qued\u00f3 atrapado en el habit\u00e1culo.<\/p>\n\n\n\n<p>Coment\u00f3 asimismo que en la otra camioneta se encontraban el diputado Freddy D\u2019Ecclesiis, su hijo Luciano, el concejal de Santan\u00ed Ad\u00e1n Rojas y el custodio del legislador, identificado como Iv\u00e1n Oviedo. Mientras que Rodr\u00edguez Villalba iba acompa\u00f1ado de Willer Ram\u00f3n Ant\u00fanez Montan\u00eda, de profesi\u00f3n&nbsp; carpintero, quien sufri\u00f3 lesiones de consideraci\u00f3n.<\/p>\n\n\n\n<p>El comisario Baz\u00e1n inform\u00f3 que el oficial de la Polic\u00eda Nacional que perdi\u00f3 la vida prestaba servicios como jefe en la Comisar\u00eda del distrito de General Resqu\u00edn.<\/p>\n\n\n\n<p>Finalmente aclar\u00f3 que las circunstancias del siniestro est\u00e1n siendo indagadas por personal de Criminal\u00edstica y de la Fiscal\u00eda.<\/p>\n\n\n\n<figure class=\"wp-block-image size-large\"><img loading=\"lazy\" decoding=\"async\" width=\"768\" height=\"1024\" src=\"https:\/\/radioparquecde.com\/wp-content\/uploads\/2022\/07\/Siniestro-vial-en-Guayaibi-03-07-2022-768x1024.jpg\" alt=\"\" class=\"wp-image-3426\" srcset=\"https:\/\/radioparquecde.com\/wp-content\/uploads\/2022\/07\/Siniestro-vial-en-Guayaibi-03-07-2022-768x1023.jpg 768w, https:\/\/radioparquecde.com\/wp-content\/uploads\/2022\/07\/Siniestro-vial-en-Guayaibi-03-07-2022-225x300.jpg 225w, https:\/\/radioparquecde.com\/wp-content\/uploads\/2022\/07\/Siniestro-vial-en-Guayaibi-03-07-2022-1153x1536.jpg 1153w, https:\/\/radioparquecde.com\/wp-content\/uploads\/2022\/07\/Siniestro-vial-en-Guayaibi-03-07-2022-1024x1364.jpg 1024w, https:\/\/radioparquecde.com\/wp-content\/uploads\/2022\/07\/Siniestro-vial-en-Guayaibi-03-07-2022.jpg 1200w\" sizes=\"auto, (max-width: 768px) 100vw, 768px\" \/><\/figure>\n","protected":false},"excerpt":{"rendered":"<p>El subcomisario Gustavo Javier Rodr\u00edguez Villalba, de 41 a\u00f1os, result\u00f3 v\u00edctima fatal en el siniestro&#8230;<\/p>\n","protected":false},"author":3,"featured_media":3427,"comment_status":"closed","ping_status":"closed","sticky":false,"template":"","format":"standard","meta":{"footnotes":""},"categories":[2,6],"tags":[],"class_list":["post-3424","post","type-post","status-publish","format-standard","has-post-thumbnail","hentry","category-destacadas","category-noticias"],"featured_image_urls":{"full":["https:\/\/radioparquecde.com\/wp-content\/uploads\/2022\/07\/Siniestro-vial-en-Guayaibi-03-07-2022-1.jpg",1200,1599,false],"thumbnail":["https:\/\/radioparquecde.com\/wp-content\/uploads\/2022\/07\/Siniestro-vial-en-Guayaibi-03-07-2022-1-150x150.jpg",150,150,true],"medium":["https:\/\/radioparquecde.com\/wp-content\/uploads\/2022\/07\/Siniestro-vial-en-Guayaibi-03-07-2022-1-225x300.jpg",225,300,true],"medium_large":["https:\/\/radioparquecde.com\/wp-content\/uploads\/2022\/07\/Siniestro-vial-en-Guayaibi-03-07-2022-1-768x1023.jpg",640,853,true],"large":["https:\/\/radioparquecde.com\/wp-content\/uploads\/2022\/07\/Siniestro-vial-en-Guayaibi-03-07-2022-1-768x1024.jpg",640,853,true],"1536x1536":["https:\/\/radioparquecde.com\/wp-content\/uploads\/2022\/07\/Siniestro-vial-en-Guayaibi-03-07-2022-1-1153x1536.jpg",1153,1536,true],"2048x2048":["https:\/\/radioparquecde.com\/wp-content\/uploads\/2022\/07\/Siniestro-vial-en-Guayaibi-03-07-2022-1.jpg",1200,1599,false],"newsphere-slider-full":["https:\/\/radioparquecde.com\/wp-content\/uploads\/2022\/07\/Siniestro-vial-en-Guayaibi-03-07-2022-1-1200x720.jpg",1200,720,true],"newsphere-featured":["https:\/\/radioparquecde.com\/wp-content\/uploads\/2022\/07\/Siniestro-vial-en-Guayaibi-03-07-2022-1-1024x1364.jpg",1024,1364,true],"newsphere-medium":["https:\/\/radioparquecde.com\/wp-content\/uploads\/2022\/07\/Siniestro-vial-en-Guayaibi-03-07-2022-1-720x380.jpg",720,380,true]},"author_info":{"display_name":"Editor","author_link":"https:\/\/radioparquecde.com\/index.php\/author\/editor\/"},"category_info":"<a href=\"https:\/\/radioparquecde.com\/index.php\/category\/noticias\/destacadas\/\" rel=\"category tag\">Destacadas<\/a> <a href=\"https:\/\/radioparquecde.com\/index.php\/category\/noticias\/\" rel=\"category tag\">Noticias<\/a>","tag_info":"Noticias","comment_count":"0","_links":{"self":[{"href":"https:\/\/radioparquecde.com\/index.php\/wp-json\/wp\/v2\/posts\/3424","targetHints":{"allow":["GET"]}}],"collection":[{"href":"https:\/\/radioparquecde.com\/index.php\/wp-json\/wp\/v2\/posts"}],"about":[{"href":"https:\/\/radioparquecde.com\/index.php\/wp-json\/wp\/v2\/types\/post"}],"author":[{"embeddable":true,"href":"https:\/\/radioparquecde.com\/index.php\/wp-json\/wp\/v2\/users\/3"}],"replies":[{"embeddable":true,"href":"https:\/\/radioparquecde.com\/index.php\/wp-json\/wp\/v2\/comments?post=3424"}],"version-history":[{"count":2,"href":"https:\/\/radioparquecde.com\/index.php\/wp-json\/wp\/v2\/posts\/3424\/revisions"}],"predecessor-version":[{"id":3429,"href":"https:\/\/radioparquecde.com\/index.php\/wp-json\/wp\/v2\/posts\/3424\/revisions\/3429"}],"wp:featuredmedia":[{"embeddable":true,"href":"https:\/\/radioparquecde.com\/index.php\/wp-json\/wp\/v2\/media\/3427"}],"wp:attachment":[{"href":"https:\/\/radioparquecde.com\/index.php\/wp-json\/wp\/v2\/media?parent=3424"}],"wp:term":[{"taxonomy":"category","embeddable":true,"href":"https:\/\/radioparquecde.com\/index.php\/wp-json\/wp\/v2\/categories?post=3424"},{"taxonomy":"post_tag","embeddable":true,"href":"https:\/\/radioparquecde.com\/index.php\/wp-json\/wp\/v2\/tags?post=3424"}],"curies":[{"name":"wp","href":"https:\/\/api.w.org\/{rel}","templated":true}]}}