{"id":3436,"date":"2022-07-04T09:49:14","date_gmt":"2022-07-04T13:49:14","guid":{"rendered":"https:\/\/radioparquecde.com\/?p=3436"},"modified":"2022-07-04T09:49:16","modified_gmt":"2022-07-04T13:49:16","slug":"joven-muere-electrocutado-mientras-posaba-eucalipto","status":"publish","type":"post","link":"https:\/\/radioparquecde.com\/index.php\/2022\/07\/04\/joven-muere-electrocutado-mientras-posaba-eucalipto\/","title":{"rendered":"Joven muere electrocutado mientras posaba eucalipto"},"content":{"rendered":"\n<p>Un joven trabajador falleci\u00f3 esta ma\u00f1ana tras recibir una fuerte descarga el\u00e9ctrica. Sucedi\u00f3 a las 07:00 horas aproximadamente mientras la v\u00edctima realizaba poda de eucalipto en la estancia H23, fracci\u00f3n Santa Helena, de Hernandarias.<\/p>\n\n\n\n<p>El fallecido est\u00e1 identificado como Clemente Reinaldo Galeano Robledo (27), domiciliado en vida en el barrio Caacupemi de Hernandarias.. El joven se encontraba podando eucalipto, cuando en un momento dado aparentemente su herramienta tom\u00f3 contacto con alg\u00fan tendido el\u00e9ctrico.<\/p>\n\n\n\n<p>La v\u00edctima fue auxiliada por su compa\u00f1ero de trabajo hasta el Instituto de Previsi\u00f3n Social (IPS), donde fue reanimado por el m\u00e9dico de guardia Dr. H\u00e9ctor G\u00f3mez, pero sin \u00e9xito. El profesional confirm\u00f3 su deceso.<\/p>\n\n\n\n<p>La m\u00e9dica forense Dra. Raquel C\u00e1ceres diagnostic\u00f3 como causa de muerte paro cardiorrespiratorio por electrocuci\u00f3n. El caso qued\u00f3 a cargo del fiscal Alfredo Acosta Heyn.<\/p>\n\n\n\n<figure class=\"wp-block-image size-large\"><img loading=\"lazy\" decoding=\"async\" width=\"576\" height=\"1024\" src=\"https:\/\/radioparquecde.com\/wp-content\/uploads\/2022\/07\/IMG-20220704-WA0016-576x1024.jpg\" alt=\"\" class=\"wp-image-3438\" srcset=\"https:\/\/radioparquecde.com\/wp-content\/uploads\/2022\/07\/IMG-20220704-WA0016-576x1024.jpg 576w, https:\/\/radioparquecde.com\/wp-content\/uploads\/2022\/07\/IMG-20220704-WA0016-169x300.jpg 169w, https:\/\/radioparquecde.com\/wp-content\/uploads\/2022\/07\/IMG-20220704-WA0016-768x1365.jpg 768w, https:\/\/radioparquecde.com\/wp-content\/uploads\/2022\/07\/IMG-20220704-WA0016-864x1536.jpg 864w, https:\/\/radioparquecde.com\/wp-content\/uploads\/2022\/07\/IMG-20220704-WA0016.jpg 900w\" sizes=\"auto, (max-width: 576px) 100vw, 576px\" \/><\/figure>\n","protected":false},"excerpt":{"rendered":"<p>Un joven trabajador falleci\u00f3 esta ma\u00f1ana tras recibir una fuerte descarga el\u00e9ctrica. Sucedi\u00f3 a las&#8230;<\/p>\n","protected":false},"author":3,"featured_media":3439,"comment_status":"closed","ping_status":"closed","sticky":false,"template":"","format":"standard","meta":{"footnotes":""},"categories":[48,6],"tags":[],"class_list":["post-3436","post","type-post","status-publish","format-standard","has-post-thumbnail","hentry","category-alto-parana","category-noticias"],"featured_image_urls":{"full":["https:\/\/radioparquecde.com\/wp-content\/uploads\/2022\/07\/IMG-20220704-WA0016-1.jpg",900,1600,false],"thumbnail":["https:\/\/radioparquecde.com\/wp-content\/uploads\/2022\/07\/IMG-20220704-WA0016-1-150x150.jpg",150,150,true],"medium":["https:\/\/radioparquecde.com\/wp-content\/uploads\/2022\/07\/IMG-20220704-WA0016-1-169x300.jpg",169,300,true],"medium_large":["https:\/\/radioparquecde.com\/wp-content\/uploads\/2022\/07\/IMG-20220704-WA0016-1-768x1365.jpg",640,1138,true],"large":["https:\/\/radioparquecde.com\/wp-content\/uploads\/2022\/07\/IMG-20220704-WA0016-1-576x1024.jpg",576,1024,true],"1536x1536":["https:\/\/radioparquecde.com\/wp-content\/uploads\/2022\/07\/IMG-20220704-WA0016-1-864x1536.jpg",864,1536,true],"2048x2048":["https:\/\/radioparquecde.com\/wp-content\/uploads\/2022\/07\/IMG-20220704-WA0016-1.jpg",900,1600,false],"newsphere-slider-full":["https:\/\/radioparquecde.com\/wp-content\/uploads\/2022\/07\/IMG-20220704-WA0016-1-900x720.jpg",900,720,true],"newsphere-featured":["https:\/\/radioparquecde.com\/wp-content\/uploads\/2022\/07\/IMG-20220704-WA0016-1.jpg",900,1600,false],"newsphere-medium":["https:\/\/radioparquecde.com\/wp-content\/uploads\/2022\/07\/IMG-20220704-WA0016-1-720x380.jpg",720,380,true]},"author_info":{"display_name":"Editor","author_link":"https:\/\/radioparquecde.com\/index.php\/author\/editor\/"},"category_info":"<a href=\"https:\/\/radioparquecde.com\/index.php\/category\/alto-parana\/\" rel=\"category tag\">ALTO PARAN\u00c1<\/a> <a href=\"https:\/\/radioparquecde.com\/index.php\/category\/noticias\/\" rel=\"category tag\">Noticias<\/a>","tag_info":"Noticias","comment_count":"0","_links":{"self":[{"href":"https:\/\/radioparquecde.com\/index.php\/wp-json\/wp\/v2\/posts\/3436","targetHints":{"allow":["GET"]}}],"collection":[{"href":"https:\/\/radioparquecde.com\/index.php\/wp-json\/wp\/v2\/posts"}],"about":[{"href":"https:\/\/radioparquecde.com\/index.php\/wp-json\/wp\/v2\/types\/post"}],"author":[{"embeddable":true,"href":"https:\/\/radioparquecde.com\/index.php\/wp-json\/wp\/v2\/users\/3"}],"replies":[{"embeddable":true,"href":"https:\/\/radioparquecde.com\/index.php\/wp-json\/wp\/v2\/comments?post=3436"}],"version-history":[{"count":1,"href":"https:\/\/radioparquecde.com\/index.php\/wp-json\/wp\/v2\/posts\/3436\/revisions"}],"predecessor-version":[{"id":3440,"href":"https:\/\/radioparquecde.com\/index.php\/wp-json\/wp\/v2\/posts\/3436\/revisions\/3440"}],"wp:featuredmedia":[{"embeddable":true,"href":"https:\/\/radioparquecde.com\/index.php\/wp-json\/wp\/v2\/media\/3439"}],"wp:attachment":[{"href":"https:\/\/radioparquecde.com\/index.php\/wp-json\/wp\/v2\/media?parent=3436"}],"wp:term":[{"taxonomy":"category","embeddable":true,"href":"https:\/\/radioparquecde.com\/index.php\/wp-json\/wp\/v2\/categories?post=3436"},{"taxonomy":"post_tag","embeddable":true,"href":"https:\/\/radioparquecde.com\/index.php\/wp-json\/wp\/v2\/tags?post=3436"}],"curies":[{"name":"wp","href":"https:\/\/api.w.org\/{rel}","templated":true}]}}