{"id":3472,"date":"2022-07-06T08:53:24","date_gmt":"2022-07-06T12:53:24","guid":{"rendered":"https:\/\/radioparquecde.com\/?p=3472"},"modified":"2022-07-06T08:53:26","modified_gmt":"2022-07-06T12:53:26","slug":"motociclista-muere-en-violento-accidente-en-encarnacion","status":"publish","type":"post","link":"https:\/\/radioparquecde.com\/index.php\/2022\/07\/06\/motociclista-muere-en-violento-accidente-en-encarnacion\/","title":{"rendered":"Motociclista muere en violento accidente en Encarnaci\u00f3n"},"content":{"rendered":"\n<figure class=\"wp-block-image size-full\"><img loading=\"lazy\" decoding=\"async\" width=\"731\" height=\"445\" src=\"https:\/\/radioparquecde.com\/wp-content\/uploads\/2022\/07\/capture-20220706-084847.png\" alt=\"\" class=\"wp-image-3474\" srcset=\"https:\/\/radioparquecde.com\/wp-content\/uploads\/2022\/07\/capture-20220706-084847.png 731w, https:\/\/radioparquecde.com\/wp-content\/uploads\/2022\/07\/capture-20220706-084847-300x183.png 300w\" sizes=\"auto, (max-width: 731px) 100vw, 731px\" \/><\/figure>\n\n\n\n<p>Un joven motociclista falleci\u00f3 en un violento accidente de tr\u00e1nsito registrado en el acceso a Encarnaci\u00f3n, en Itap\u00faa.<\/p>\n\n\n\n<p>Un aparatoso accidente de tr\u00e1nsito se registr\u00f3 en la noche del martes en la ciudad de Encarnaci\u00f3n, Departamento de Itap\u00faa, dejando como saldo la muerte de un joven motociclista.<\/p>\n\n\n\n<p>El tr\u00e1gico sucedo ocurri\u00f3 espec\u00edficamente sobre la ruta PY01, en la cabecera del Puente Mboi Cae, situado en el acceso mismo a la capital departamental de Itap\u00faa.<\/p>\n\n\n\n<p>La v\u00edctima fatal fue identificada como Br\u00edgido Ram\u00f3n Gonz\u00e1lez, de 21 a\u00f1os, quien se desplazaba a bordo de una motocicleta.<\/p>\n\n\n\n<p>De acuerdo con los datos preliminares, el biciclo fue embestido por un autom\u00f3vil, que estaba al mando de una mujer de nombre Diana Noemi L\u00f3pez Yegros, cuyos dem\u00e1s datos se desconocen.<\/p>\n","protected":false},"excerpt":{"rendered":"<p>Un joven motociclista falleci\u00f3 en un violento accidente de tr\u00e1nsito registrado en el acceso a&#8230;<\/p>\n","protected":false},"author":3,"featured_media":3475,"comment_status":"closed","ping_status":"closed","sticky":false,"template":"","format":"standard","meta":{"footnotes":""},"categories":[2,6],"tags":[],"class_list":["post-3472","post","type-post","status-publish","format-standard","has-post-thumbnail","hentry","category-destacadas","category-noticias"],"featured_image_urls":{"full":["https:\/\/radioparquecde.com\/wp-content\/uploads\/2022\/07\/capture-20220706-084847-1.png",731,445,false],"thumbnail":["https:\/\/radioparquecde.com\/wp-content\/uploads\/2022\/07\/capture-20220706-084847-1-150x150.png",150,150,true],"medium":["https:\/\/radioparquecde.com\/wp-content\/uploads\/2022\/07\/capture-20220706-084847-1-300x183.png",300,183,true],"medium_large":["https:\/\/radioparquecde.com\/wp-content\/uploads\/2022\/07\/capture-20220706-084847-1.png",640,390,false],"large":["https:\/\/radioparquecde.com\/wp-content\/uploads\/2022\/07\/capture-20220706-084847-1.png",640,390,false],"1536x1536":["https:\/\/radioparquecde.com\/wp-content\/uploads\/2022\/07\/capture-20220706-084847-1.png",731,445,false],"2048x2048":["https:\/\/radioparquecde.com\/wp-content\/uploads\/2022\/07\/capture-20220706-084847-1.png",731,445,false],"newsphere-slider-full":["https:\/\/radioparquecde.com\/wp-content\/uploads\/2022\/07\/capture-20220706-084847-1.png",731,445,false],"newsphere-featured":["https:\/\/radioparquecde.com\/wp-content\/uploads\/2022\/07\/capture-20220706-084847-1.png",731,445,false],"newsphere-medium":["https:\/\/radioparquecde.com\/wp-content\/uploads\/2022\/07\/capture-20220706-084847-1-720x380.png",720,380,true]},"author_info":{"display_name":"Editor","author_link":"https:\/\/radioparquecde.com\/index.php\/author\/editor\/"},"category_info":"<a href=\"https:\/\/radioparquecde.com\/index.php\/category\/noticias\/destacadas\/\" rel=\"category tag\">Destacadas<\/a> <a href=\"https:\/\/radioparquecde.com\/index.php\/category\/noticias\/\" rel=\"category tag\">Noticias<\/a>","tag_info":"Noticias","comment_count":"0","_links":{"self":[{"href":"https:\/\/radioparquecde.com\/index.php\/wp-json\/wp\/v2\/posts\/3472","targetHints":{"allow":["GET"]}}],"collection":[{"href":"https:\/\/radioparquecde.com\/index.php\/wp-json\/wp\/v2\/posts"}],"about":[{"href":"https:\/\/radioparquecde.com\/index.php\/wp-json\/wp\/v2\/types\/post"}],"author":[{"embeddable":true,"href":"https:\/\/radioparquecde.com\/index.php\/wp-json\/wp\/v2\/users\/3"}],"replies":[{"embeddable":true,"href":"https:\/\/radioparquecde.com\/index.php\/wp-json\/wp\/v2\/comments?post=3472"}],"version-history":[{"count":1,"href":"https:\/\/radioparquecde.com\/index.php\/wp-json\/wp\/v2\/posts\/3472\/revisions"}],"predecessor-version":[{"id":3476,"href":"https:\/\/radioparquecde.com\/index.php\/wp-json\/wp\/v2\/posts\/3472\/revisions\/3476"}],"wp:featuredmedia":[{"embeddable":true,"href":"https:\/\/radioparquecde.com\/index.php\/wp-json\/wp\/v2\/media\/3475"}],"wp:attachment":[{"href":"https:\/\/radioparquecde.com\/index.php\/wp-json\/wp\/v2\/media?parent=3472"}],"wp:term":[{"taxonomy":"category","embeddable":true,"href":"https:\/\/radioparquecde.com\/index.php\/wp-json\/wp\/v2\/categories?post=3472"},{"taxonomy":"post_tag","embeddable":true,"href":"https:\/\/radioparquecde.com\/index.php\/wp-json\/wp\/v2\/tags?post=3472"}],"curies":[{"name":"wp","href":"https:\/\/api.w.org\/{rel}","templated":true}]}}