{"id":3509,"date":"2022-07-07T08:25:32","date_gmt":"2022-07-07T12:25:32","guid":{"rendered":"https:\/\/radioparquecde.com\/?p=3509"},"modified":"2022-07-07T08:25:34","modified_gmt":"2022-07-07T12:25:34","slug":"imputan-por-violacion-del-deber-de-cuidado-a-la-madre-del-nino-de-12-anos-desaparecido","status":"publish","type":"post","link":"https:\/\/radioparquecde.com\/index.php\/2022\/07\/07\/imputan-por-violacion-del-deber-de-cuidado-a-la-madre-del-nino-de-12-anos-desaparecido\/","title":{"rendered":"Imputan por violaci\u00f3n del deber de cuidado a la madre del ni\u00f1o de 12 a\u00f1os desaparecido"},"content":{"rendered":"\n<p>El Ministerio P\u00fablico imput\u00f3 por violaci\u00f3n del deber de cuidado a la madre del ni\u00f1o de 12 a\u00f1os que se encuentra desaparecido desde el 24 de junio.<\/p>\n\n\n\n<p>La b\u00fasqueda del ni\u00f1o contin\u00faa y se sigue difundiendo las im\u00e1genes donde se lo ve al chico caminando. En varios negocios del barrio donde se lo vio por \u00faltima vez est\u00e1 pegada su foto y tambi\u00e9n ya se dispuso que en dependencias estatales coloquen dichas fotograf\u00edas de modo a que si alguien lo ve, de aviso inmediato.<\/p>\n\n\n\n<figure class=\"wp-block-image size-full\"><img loading=\"lazy\" decoding=\"async\" width=\"1024\" height=\"606\" src=\"https:\/\/radioparquecde.com\/wp-content\/uploads\/2022\/07\/Tamano-ideal-WEB-12-e1656968173574-1024x606-1.jpg\" alt=\"\" class=\"wp-image-3511\" srcset=\"https:\/\/radioparquecde.com\/wp-content\/uploads\/2022\/07\/Tamano-ideal-WEB-12-e1656968173574-1024x606-1.jpg 1024w, https:\/\/radioparquecde.com\/wp-content\/uploads\/2022\/07\/Tamano-ideal-WEB-12-e1656968173574-1024x606-1-300x178.jpg 300w, https:\/\/radioparquecde.com\/wp-content\/uploads\/2022\/07\/Tamano-ideal-WEB-12-e1656968173574-1024x606-1-768x455.jpg 768w\" sizes=\"auto, (max-width: 1024px) 100vw, 1024px\" \/><\/figure>\n","protected":false},"excerpt":{"rendered":"<p>El Ministerio P\u00fablico imput\u00f3 por violaci\u00f3n del deber de cuidado a la madre del ni\u00f1o&#8230;<\/p>\n","protected":false},"author":3,"featured_media":3512,"comment_status":"closed","ping_status":"closed","sticky":false,"template":"","format":"standard","meta":{"footnotes":""},"categories":[2,6],"tags":[],"class_list":["post-3509","post","type-post","status-publish","format-standard","has-post-thumbnail","hentry","category-destacadas","category-noticias"],"featured_image_urls":{"full":["https:\/\/radioparquecde.com\/wp-content\/uploads\/2022\/07\/Tamano-ideal-WEB-12-e1656968173574-1024x606-2.jpg",1024,606,false],"thumbnail":["https:\/\/radioparquecde.com\/wp-content\/uploads\/2022\/07\/Tamano-ideal-WEB-12-e1656968173574-1024x606-2-150x150.jpg",150,150,true],"medium":["https:\/\/radioparquecde.com\/wp-content\/uploads\/2022\/07\/Tamano-ideal-WEB-12-e1656968173574-1024x606-2-300x178.jpg",300,178,true],"medium_large":["https:\/\/radioparquecde.com\/wp-content\/uploads\/2022\/07\/Tamano-ideal-WEB-12-e1656968173574-1024x606-2-768x455.jpg",640,379,true],"large":["https:\/\/radioparquecde.com\/wp-content\/uploads\/2022\/07\/Tamano-ideal-WEB-12-e1656968173574-1024x606-2.jpg",640,379,false],"1536x1536":["https:\/\/radioparquecde.com\/wp-content\/uploads\/2022\/07\/Tamano-ideal-WEB-12-e1656968173574-1024x606-2.jpg",1024,606,false],"2048x2048":["https:\/\/radioparquecde.com\/wp-content\/uploads\/2022\/07\/Tamano-ideal-WEB-12-e1656968173574-1024x606-2.jpg",1024,606,false],"newsphere-slider-full":["https:\/\/radioparquecde.com\/wp-content\/uploads\/2022\/07\/Tamano-ideal-WEB-12-e1656968173574-1024x606-2.jpg",1024,606,false],"newsphere-featured":["https:\/\/radioparquecde.com\/wp-content\/uploads\/2022\/07\/Tamano-ideal-WEB-12-e1656968173574-1024x606-2.jpg",1024,606,false],"newsphere-medium":["https:\/\/radioparquecde.com\/wp-content\/uploads\/2022\/07\/Tamano-ideal-WEB-12-e1656968173574-1024x606-2-720x380.jpg",720,380,true]},"author_info":{"display_name":"Editor","author_link":"https:\/\/radioparquecde.com\/index.php\/author\/editor\/"},"category_info":"<a href=\"https:\/\/radioparquecde.com\/index.php\/category\/noticias\/destacadas\/\" rel=\"category tag\">Destacadas<\/a> <a href=\"https:\/\/radioparquecde.com\/index.php\/category\/noticias\/\" rel=\"category tag\">Noticias<\/a>","tag_info":"Noticias","comment_count":"0","_links":{"self":[{"href":"https:\/\/radioparquecde.com\/index.php\/wp-json\/wp\/v2\/posts\/3509","targetHints":{"allow":["GET"]}}],"collection":[{"href":"https:\/\/radioparquecde.com\/index.php\/wp-json\/wp\/v2\/posts"}],"about":[{"href":"https:\/\/radioparquecde.com\/index.php\/wp-json\/wp\/v2\/types\/post"}],"author":[{"embeddable":true,"href":"https:\/\/radioparquecde.com\/index.php\/wp-json\/wp\/v2\/users\/3"}],"replies":[{"embeddable":true,"href":"https:\/\/radioparquecde.com\/index.php\/wp-json\/wp\/v2\/comments?post=3509"}],"version-history":[{"count":1,"href":"https:\/\/radioparquecde.com\/index.php\/wp-json\/wp\/v2\/posts\/3509\/revisions"}],"predecessor-version":[{"id":3513,"href":"https:\/\/radioparquecde.com\/index.php\/wp-json\/wp\/v2\/posts\/3509\/revisions\/3513"}],"wp:featuredmedia":[{"embeddable":true,"href":"https:\/\/radioparquecde.com\/index.php\/wp-json\/wp\/v2\/media\/3512"}],"wp:attachment":[{"href":"https:\/\/radioparquecde.com\/index.php\/wp-json\/wp\/v2\/media?parent=3509"}],"wp:term":[{"taxonomy":"category","embeddable":true,"href":"https:\/\/radioparquecde.com\/index.php\/wp-json\/wp\/v2\/categories?post=3509"},{"taxonomy":"post_tag","embeddable":true,"href":"https:\/\/radioparquecde.com\/index.php\/wp-json\/wp\/v2\/tags?post=3509"}],"curies":[{"name":"wp","href":"https:\/\/api.w.org\/{rel}","templated":true}]}}