{"id":3653,"date":"2022-07-13T08:34:44","date_gmt":"2022-07-13T12:34:44","guid":{"rendered":"https:\/\/radioparquecde.com\/?p=3653"},"modified":"2022-07-13T08:34:46","modified_gmt":"2022-07-13T12:34:46","slug":"avanza-construccion-de-lujoso-hotel-en-presidente-franco","status":"publish","type":"post","link":"https:\/\/radioparquecde.com\/index.php\/2022\/07\/13\/avanza-construccion-de-lujoso-hotel-en-presidente-franco\/","title":{"rendered":"Avanza construcci\u00f3n de lujoso hotel en Presidente Franco"},"content":{"rendered":"\n<p>Avanza la construcci\u00f3n de un lujoso hotel en la ciudad de Presidente Franco. Se trata de la primera inversi\u00f3n en el rubro luego del inicio de las obras del Puente de la Integraci\u00f3n, seg\u00fan expres\u00f3 el empresario Eugenio Gavil\u00e1n, responsable del proyecto. El edificio estar\u00e1 ubicado a 1 km aproximadamente del nuevo paso fronterizo, en un terreno con espesa vegetaci\u00f3n, que ser\u00e1 aprovechado plenamente.<\/p>\n\n\n\n<p>El hotel se erige a orillas del r\u00edo Paran\u00e1, con el objetivo de sumarse a los atractivos tur\u00edsticos de la zona, pues desde sus instalaciones se podr\u00e1 observar el hito Tres Fronteras, donde convergen Paraguay, Brasil y Argentina.<\/p>\n\n\n\n<p>El proyecto hotelero es desarrollado por Gavil\u00e1n Emprendimientos Inmobiliarios, cuyo propietario, Eugenio Gavil\u00e1n, indic\u00f3 que las obras presentan un avance general de m\u00e1s del 50%. \u201cEl complejo contar\u00e1 con 120 habitaciones, piscina, bar restaurante, bungalow y para finales de a\u00f1o, habilitaremos el sal\u00f3n de eventos con capacidad para unas 600 personas. El hotel est\u00e1 destinado para los amantes de la naturaleza\u201d, explic\u00f3.<\/p>\n\n\n\n<p>La zona del barrio Tres Fronteras, donde se edifica el complejo hotelero, tiene muchos sitios con vegetaci\u00f3n espesa. Luego del inicio de las obras del segundo puente, muchos terrenos se pusieron a la venta y, en Presidente Franco, se espera que las inversiones sean del sector tur\u00edstico, pues es el elemento que quieren potenciar con la habilitaci\u00f3n de la segunda pasarela sobre el r\u00edo Paran\u00e1.<\/p>\n\n\n\n<figure class=\"wp-block-image size-large\"><img loading=\"lazy\" decoding=\"async\" width=\"1024\" height=\"768\" src=\"https:\/\/radioparquecde.com\/wp-content\/uploads\/2022\/07\/PAG-7-A-1-2-1024x768.jpeg\" alt=\"\" class=\"wp-image-3655\" srcset=\"https:\/\/radioparquecde.com\/wp-content\/uploads\/2022\/07\/PAG-7-A-1-2-1024x768.jpeg 1024w, https:\/\/radioparquecde.com\/wp-content\/uploads\/2022\/07\/PAG-7-A-1-2-300x225.jpeg 300w, https:\/\/radioparquecde.com\/wp-content\/uploads\/2022\/07\/PAG-7-A-1-2-768x576.jpeg 768w, https:\/\/radioparquecde.com\/wp-content\/uploads\/2022\/07\/PAG-7-A-1-2-1536x1152.jpeg 1536w, https:\/\/radioparquecde.com\/wp-content\/uploads\/2022\/07\/PAG-7-A-1-2.jpeg 1575w\" sizes=\"auto, (max-width: 1024px) 100vw, 1024px\" \/><\/figure>\n","protected":false},"excerpt":{"rendered":"<p>Avanza la construcci\u00f3n de un lujoso hotel en la ciudad de Presidente Franco. Se trata&#8230;<\/p>\n","protected":false},"author":3,"featured_media":3656,"comment_status":"closed","ping_status":"closed","sticky":false,"template":"","format":"standard","meta":{"footnotes":""},"categories":[48,6],"tags":[],"class_list":["post-3653","post","type-post","status-publish","format-standard","has-post-thumbnail","hentry","category-alto-parana","category-noticias"],"featured_image_urls":{"full":["https:\/\/radioparquecde.com\/wp-content\/uploads\/2022\/07\/PAG-7-A-1-2-1.jpeg",1575,1181,false],"thumbnail":["https:\/\/radioparquecde.com\/wp-content\/uploads\/2022\/07\/PAG-7-A-1-2-1-150x150.jpeg",150,150,true],"medium":["https:\/\/radioparquecde.com\/wp-content\/uploads\/2022\/07\/PAG-7-A-1-2-1-300x225.jpeg",300,225,true],"medium_large":["https:\/\/radioparquecde.com\/wp-content\/uploads\/2022\/07\/PAG-7-A-1-2-1-768x576.jpeg",640,480,true],"large":["https:\/\/radioparquecde.com\/wp-content\/uploads\/2022\/07\/PAG-7-A-1-2-1-1024x768.jpeg",640,480,true],"1536x1536":["https:\/\/radioparquecde.com\/wp-content\/uploads\/2022\/07\/PAG-7-A-1-2-1-1536x1152.jpeg",1536,1152,true],"2048x2048":["https:\/\/radioparquecde.com\/wp-content\/uploads\/2022\/07\/PAG-7-A-1-2-1.jpeg",1575,1181,false],"newsphere-slider-full":["https:\/\/radioparquecde.com\/wp-content\/uploads\/2022\/07\/PAG-7-A-1-2-1-1280x720.jpeg",1280,720,true],"newsphere-featured":["https:\/\/radioparquecde.com\/wp-content\/uploads\/2022\/07\/PAG-7-A-1-2-1-1024x768.jpeg",1024,768,true],"newsphere-medium":["https:\/\/radioparquecde.com\/wp-content\/uploads\/2022\/07\/PAG-7-A-1-2-1-720x380.jpeg",720,380,true]},"author_info":{"display_name":"Editor","author_link":"https:\/\/radioparquecde.com\/index.php\/author\/editor\/"},"category_info":"<a href=\"https:\/\/radioparquecde.com\/index.php\/category\/alto-parana\/\" rel=\"category tag\">ALTO PARAN\u00c1<\/a> <a href=\"https:\/\/radioparquecde.com\/index.php\/category\/noticias\/\" rel=\"category tag\">Noticias<\/a>","tag_info":"Noticias","comment_count":"0","_links":{"self":[{"href":"https:\/\/radioparquecde.com\/index.php\/wp-json\/wp\/v2\/posts\/3653","targetHints":{"allow":["GET"]}}],"collection":[{"href":"https:\/\/radioparquecde.com\/index.php\/wp-json\/wp\/v2\/posts"}],"about":[{"href":"https:\/\/radioparquecde.com\/index.php\/wp-json\/wp\/v2\/types\/post"}],"author":[{"embeddable":true,"href":"https:\/\/radioparquecde.com\/index.php\/wp-json\/wp\/v2\/users\/3"}],"replies":[{"embeddable":true,"href":"https:\/\/radioparquecde.com\/index.php\/wp-json\/wp\/v2\/comments?post=3653"}],"version-history":[{"count":1,"href":"https:\/\/radioparquecde.com\/index.php\/wp-json\/wp\/v2\/posts\/3653\/revisions"}],"predecessor-version":[{"id":3657,"href":"https:\/\/radioparquecde.com\/index.php\/wp-json\/wp\/v2\/posts\/3653\/revisions\/3657"}],"wp:featuredmedia":[{"embeddable":true,"href":"https:\/\/radioparquecde.com\/index.php\/wp-json\/wp\/v2\/media\/3656"}],"wp:attachment":[{"href":"https:\/\/radioparquecde.com\/index.php\/wp-json\/wp\/v2\/media?parent=3653"}],"wp:term":[{"taxonomy":"category","embeddable":true,"href":"https:\/\/radioparquecde.com\/index.php\/wp-json\/wp\/v2\/categories?post=3653"},{"taxonomy":"post_tag","embeddable":true,"href":"https:\/\/radioparquecde.com\/index.php\/wp-json\/wp\/v2\/tags?post=3653"}],"curies":[{"name":"wp","href":"https:\/\/api.w.org\/{rel}","templated":true}]}}