{"id":3727,"date":"2022-07-14T17:36:33","date_gmt":"2022-07-14T21:36:33","guid":{"rendered":"https:\/\/radioparquecde.com\/?p=3727"},"modified":"2022-07-14T17:36:34","modified_gmt":"2022-07-14T21:36:34","slug":"confirman-que-hermano-de-kelembu-miranda-pertenece-a-un-grupo-de-secuestradores","status":"publish","type":"post","link":"https:\/\/radioparquecde.com\/index.php\/2022\/07\/14\/confirman-que-hermano-de-kelembu-miranda-pertenece-a-un-grupo-de-secuestradores\/","title":{"rendered":"Confirman que hermano de Kelembu Miranda pertenece a un grupo de secuestradores"},"content":{"rendered":"\n<p>El jefe antisecuestros de la Polic\u00eda Nacional, Nimio Cardozo, se\u00f1al\u00f3 que la aprehensi\u00f3n de Mois\u00e9s Miranda, hermano de Kelembu, se dio tras varias investigaciones y detenciones de otras personas. El mismo fue detenido en una zona comercial de Ciudad del Este.<\/p>\n\n\n\n<p>\u201cAyer al mediod\u00eda en una zona comercial procedimos a su aprehensi\u00f3n en base a una orden de captura dispuesta por el fiscal de la unidad de Antisecuestro del Alto Paran\u00e1\u201d.<\/p>\n\n\n\n<p>El jefe policial explic\u00f3 que el hombre integraba una banda criminal que quer\u00eda perpetrar secuestros en la zona de Campo 9, departamento de Caaguaz\u00fa. Su arresto se dio tras las detenciones de Cristhian Scavone, Allan Hildebrand, Celso Ariel Vera y Rosendo Lugen.<\/p>\n\n\n\n<p>Los mencionados junto al hermano de Kelembu planificaron raptar a unas personas en Campo 9, pero el plan desapareci\u00f3 tras el arresto de Scavone, quien aparentemente bajo efectos de una droga empez\u00f3 a detallar a los polic\u00edas lo que iban a realizar, mencion\u00f3 Cardozo.<\/p>\n\n\n\n<figure class=\"wp-block-image size-large\"><img loading=\"lazy\" decoding=\"async\" width=\"473\" height=\"1024\" src=\"https:\/\/radioparquecde.com\/wp-content\/uploads\/2022\/07\/WhatsApp-Image-2022-07-13-at-1.33.40-PM-2-473x1024.jpeg\" alt=\"\" class=\"wp-image-3729\" srcset=\"https:\/\/radioparquecde.com\/wp-content\/uploads\/2022\/07\/WhatsApp-Image-2022-07-13-at-1.33.40-PM-2-473x1024.jpeg 473w, https:\/\/radioparquecde.com\/wp-content\/uploads\/2022\/07\/WhatsApp-Image-2022-07-13-at-1.33.40-PM-2-139x300.jpeg 139w, https:\/\/radioparquecde.com\/wp-content\/uploads\/2022\/07\/WhatsApp-Image-2022-07-13-at-1.33.40-PM-2-709x1536.jpeg 709w, https:\/\/radioparquecde.com\/wp-content\/uploads\/2022\/07\/WhatsApp-Image-2022-07-13-at-1.33.40-PM-2.jpeg 739w\" sizes=\"auto, (max-width: 473px) 100vw, 473px\" \/><\/figure>\n","protected":false},"excerpt":{"rendered":"<p>El jefe antisecuestros de la Polic\u00eda Nacional, Nimio Cardozo, se\u00f1al\u00f3 que la aprehensi\u00f3n de Mois\u00e9s&#8230;<\/p>\n","protected":false},"author":3,"featured_media":3730,"comment_status":"closed","ping_status":"closed","sticky":false,"template":"","format":"standard","meta":{"footnotes":""},"categories":[2,6],"tags":[],"class_list":["post-3727","post","type-post","status-publish","format-standard","has-post-thumbnail","hentry","category-destacadas","category-noticias"],"featured_image_urls":{"full":["https:\/\/radioparquecde.com\/wp-content\/uploads\/2022\/07\/WhatsApp-Image-2022-07-13-at-1.33.40-PM-3.jpeg",739,1600,false],"thumbnail":["https:\/\/radioparquecde.com\/wp-content\/uploads\/2022\/07\/WhatsApp-Image-2022-07-13-at-1.33.40-PM-3-150x150.jpeg",150,150,true],"medium":["https:\/\/radioparquecde.com\/wp-content\/uploads\/2022\/07\/WhatsApp-Image-2022-07-13-at-1.33.40-PM-3-139x300.jpeg",139,300,true],"medium_large":["https:\/\/radioparquecde.com\/wp-content\/uploads\/2022\/07\/WhatsApp-Image-2022-07-13-at-1.33.40-PM-3.jpeg",640,1386,false],"large":["https:\/\/radioparquecde.com\/wp-content\/uploads\/2022\/07\/WhatsApp-Image-2022-07-13-at-1.33.40-PM-3-473x1024.jpeg",473,1024,true],"1536x1536":["https:\/\/radioparquecde.com\/wp-content\/uploads\/2022\/07\/WhatsApp-Image-2022-07-13-at-1.33.40-PM-3-709x1536.jpeg",709,1536,true],"2048x2048":["https:\/\/radioparquecde.com\/wp-content\/uploads\/2022\/07\/WhatsApp-Image-2022-07-13-at-1.33.40-PM-3.jpeg",739,1600,false],"newsphere-slider-full":["https:\/\/radioparquecde.com\/wp-content\/uploads\/2022\/07\/WhatsApp-Image-2022-07-13-at-1.33.40-PM-3-739x720.jpeg",739,720,true],"newsphere-featured":["https:\/\/radioparquecde.com\/wp-content\/uploads\/2022\/07\/WhatsApp-Image-2022-07-13-at-1.33.40-PM-3.jpeg",739,1600,false],"newsphere-medium":["https:\/\/radioparquecde.com\/wp-content\/uploads\/2022\/07\/WhatsApp-Image-2022-07-13-at-1.33.40-PM-3-720x380.jpeg",720,380,true]},"author_info":{"display_name":"Editor","author_link":"https:\/\/radioparquecde.com\/index.php\/author\/editor\/"},"category_info":"<a href=\"https:\/\/radioparquecde.com\/index.php\/category\/noticias\/destacadas\/\" rel=\"category tag\">Destacadas<\/a> <a href=\"https:\/\/radioparquecde.com\/index.php\/category\/noticias\/\" rel=\"category tag\">Noticias<\/a>","tag_info":"Noticias","comment_count":"0","_links":{"self":[{"href":"https:\/\/radioparquecde.com\/index.php\/wp-json\/wp\/v2\/posts\/3727","targetHints":{"allow":["GET"]}}],"collection":[{"href":"https:\/\/radioparquecde.com\/index.php\/wp-json\/wp\/v2\/posts"}],"about":[{"href":"https:\/\/radioparquecde.com\/index.php\/wp-json\/wp\/v2\/types\/post"}],"author":[{"embeddable":true,"href":"https:\/\/radioparquecde.com\/index.php\/wp-json\/wp\/v2\/users\/3"}],"replies":[{"embeddable":true,"href":"https:\/\/radioparquecde.com\/index.php\/wp-json\/wp\/v2\/comments?post=3727"}],"version-history":[{"count":1,"href":"https:\/\/radioparquecde.com\/index.php\/wp-json\/wp\/v2\/posts\/3727\/revisions"}],"predecessor-version":[{"id":3731,"href":"https:\/\/radioparquecde.com\/index.php\/wp-json\/wp\/v2\/posts\/3727\/revisions\/3731"}],"wp:featuredmedia":[{"embeddable":true,"href":"https:\/\/radioparquecde.com\/index.php\/wp-json\/wp\/v2\/media\/3730"}],"wp:attachment":[{"href":"https:\/\/radioparquecde.com\/index.php\/wp-json\/wp\/v2\/media?parent=3727"}],"wp:term":[{"taxonomy":"category","embeddable":true,"href":"https:\/\/radioparquecde.com\/index.php\/wp-json\/wp\/v2\/categories?post=3727"},{"taxonomy":"post_tag","embeddable":true,"href":"https:\/\/radioparquecde.com\/index.php\/wp-json\/wp\/v2\/tags?post=3727"}],"curies":[{"name":"wp","href":"https:\/\/api.w.org\/{rel}","templated":true}]}}