{"id":3745,"date":"2022-07-15T08:51:20","date_gmt":"2022-07-15T12:51:20","guid":{"rendered":"https:\/\/radioparquecde.com\/?p=3745"},"modified":"2022-07-15T08:51:23","modified_gmt":"2022-07-15T12:51:23","slug":"fiscalia-no-descarta-que-existan-mas-victimas-de-trata-de-personas-tras-allanamiento-en-motel","status":"publish","type":"post","link":"https:\/\/radioparquecde.com\/index.php\/2022\/07\/15\/fiscalia-no-descarta-que-existan-mas-victimas-de-trata-de-personas-tras-allanamiento-en-motel\/","title":{"rendered":"Fiscal\u00eda no descarta que existan m\u00e1s v\u00edctimas de trata de personas tras allanamiento en motel"},"content":{"rendered":"\n<p>La fiscala Karina S\u00e1nchez manifest\u00f3 que tras el allanamiento a un motel de Fernando de la Mora no descartan que existan m\u00e1s menores v\u00edctimas de presunta trata de personas. Refiri\u00f3 que durante el procedimiento un menor de 16 a\u00f1os fue rescatado, dos hombres quedaron detenidos. Adem\u00e1s detall\u00f3 que incautaron G. 35 millones, USD 5.000, celulares y un arma de fuego.<\/p>\n\n\n\n<p>\u201cAyer recib\u00ed una comunicaci\u00f3n de una persona que no se identific\u00f3 y me comunica una situaci\u00f3n de posible explotaci\u00f3n de menores de edad. Me indica que un hombre hab\u00eda llevado a los menores a un motel. El juez Gustavo Amarilla me dio la autorizaci\u00f3n verbal e inmediatamente concurrimos al lugar junto con los agentes de la Polic\u00eda\u201d, explic\u00f3<\/p>\n\n\n\n<figure class=\"wp-block-image size-large\"><img loading=\"lazy\" decoding=\"async\" width=\"1024\" height=\"639\" src=\"https:\/\/radioparquecde.com\/wp-content\/uploads\/2022\/07\/I7TLBPF3DNAU3KVYKOJCDV7B4M-1-1536x958-1-1024x639.jpeg\" alt=\"\" class=\"wp-image-3747\" srcset=\"https:\/\/radioparquecde.com\/wp-content\/uploads\/2022\/07\/I7TLBPF3DNAU3KVYKOJCDV7B4M-1-1536x958-1-1024x639.jpeg 1024w, https:\/\/radioparquecde.com\/wp-content\/uploads\/2022\/07\/I7TLBPF3DNAU3KVYKOJCDV7B4M-1-1536x958-1-300x187.jpeg 300w, https:\/\/radioparquecde.com\/wp-content\/uploads\/2022\/07\/I7TLBPF3DNAU3KVYKOJCDV7B4M-1-1536x958-1-768x479.jpeg 768w, https:\/\/radioparquecde.com\/wp-content\/uploads\/2022\/07\/I7TLBPF3DNAU3KVYKOJCDV7B4M-1-1536x958-1.jpeg 1536w\" sizes=\"auto, (max-width: 1024px) 100vw, 1024px\" \/><\/figure>\n\n\n\n<p>\u201cEfectivamente corroboramos la informaci\u00f3n de que en una de las habitaciones estaba un hombre con un adolescente de 16 a\u00f1os. Cuando llegamos ya estaban por salir. Con las intervenciones y la entrevista con el menor obtuvimos informaci\u00f3n que corrobora lo que denunciaron. Tambi\u00e9n estaba otro joven que particip\u00f3 del acto\u201d, cont\u00f3.<\/p>\n\n\n\n<p>\u201cEn principio dijo que ten\u00eda 18 a\u00f1os y hablaba de un t\u00edo que estaba por llegar. Esta persona se acerc\u00f3 y procedimos a verificar su veh\u00edculo. Encontramos varios elementos que guardan relaci\u00f3n de que \u00e9l estaba proveyendo al otro sujeto que estaba en el motel, no era la primera vez\u201d, coment\u00f3.<\/p>\n\n\n\n<p>Inform\u00f3 que dos personas se encuentran detenidas tras el allanamiento.<\/p>\n","protected":false},"excerpt":{"rendered":"<p>La fiscala Karina S\u00e1nchez manifest\u00f3 que tras el allanamiento a un motel de Fernando de&#8230;<\/p>\n","protected":false},"author":3,"featured_media":3748,"comment_status":"closed","ping_status":"closed","sticky":false,"template":"","format":"standard","meta":{"footnotes":""},"categories":[2,6],"tags":[],"class_list":["post-3745","post","type-post","status-publish","format-standard","has-post-thumbnail","hentry","category-destacadas","category-noticias"],"featured_image_urls":{"full":["https:\/\/radioparquecde.com\/wp-content\/uploads\/2022\/07\/I7TLBPF3DNAU3KVYKOJCDV7B4M-1-1536x958-2.jpeg",1536,958,false],"thumbnail":["https:\/\/radioparquecde.com\/wp-content\/uploads\/2022\/07\/I7TLBPF3DNAU3KVYKOJCDV7B4M-1-1536x958-2-150x150.jpeg",150,150,true],"medium":["https:\/\/radioparquecde.com\/wp-content\/uploads\/2022\/07\/I7TLBPF3DNAU3KVYKOJCDV7B4M-1-1536x958-2-300x187.jpeg",300,187,true],"medium_large":["https:\/\/radioparquecde.com\/wp-content\/uploads\/2022\/07\/I7TLBPF3DNAU3KVYKOJCDV7B4M-1-1536x958-2-768x479.jpeg",640,399,true],"large":["https:\/\/radioparquecde.com\/wp-content\/uploads\/2022\/07\/I7TLBPF3DNAU3KVYKOJCDV7B4M-1-1536x958-2-1024x639.jpeg",640,399,true],"1536x1536":["https:\/\/radioparquecde.com\/wp-content\/uploads\/2022\/07\/I7TLBPF3DNAU3KVYKOJCDV7B4M-1-1536x958-2.jpeg",1536,958,false],"2048x2048":["https:\/\/radioparquecde.com\/wp-content\/uploads\/2022\/07\/I7TLBPF3DNAU3KVYKOJCDV7B4M-1-1536x958-2.jpeg",1536,958,false],"newsphere-slider-full":["https:\/\/radioparquecde.com\/wp-content\/uploads\/2022\/07\/I7TLBPF3DNAU3KVYKOJCDV7B4M-1-1536x958-2-1280x720.jpeg",1280,720,true],"newsphere-featured":["https:\/\/radioparquecde.com\/wp-content\/uploads\/2022\/07\/I7TLBPF3DNAU3KVYKOJCDV7B4M-1-1536x958-2-1024x639.jpeg",1024,639,true],"newsphere-medium":["https:\/\/radioparquecde.com\/wp-content\/uploads\/2022\/07\/I7TLBPF3DNAU3KVYKOJCDV7B4M-1-1536x958-2-720x380.jpeg",720,380,true]},"author_info":{"display_name":"Editor","author_link":"https:\/\/radioparquecde.com\/index.php\/author\/editor\/"},"category_info":"<a href=\"https:\/\/radioparquecde.com\/index.php\/category\/noticias\/destacadas\/\" rel=\"category tag\">Destacadas<\/a> <a href=\"https:\/\/radioparquecde.com\/index.php\/category\/noticias\/\" rel=\"category tag\">Noticias<\/a>","tag_info":"Noticias","comment_count":"0","_links":{"self":[{"href":"https:\/\/radioparquecde.com\/index.php\/wp-json\/wp\/v2\/posts\/3745","targetHints":{"allow":["GET"]}}],"collection":[{"href":"https:\/\/radioparquecde.com\/index.php\/wp-json\/wp\/v2\/posts"}],"about":[{"href":"https:\/\/radioparquecde.com\/index.php\/wp-json\/wp\/v2\/types\/post"}],"author":[{"embeddable":true,"href":"https:\/\/radioparquecde.com\/index.php\/wp-json\/wp\/v2\/users\/3"}],"replies":[{"embeddable":true,"href":"https:\/\/radioparquecde.com\/index.php\/wp-json\/wp\/v2\/comments?post=3745"}],"version-history":[{"count":1,"href":"https:\/\/radioparquecde.com\/index.php\/wp-json\/wp\/v2\/posts\/3745\/revisions"}],"predecessor-version":[{"id":3749,"href":"https:\/\/radioparquecde.com\/index.php\/wp-json\/wp\/v2\/posts\/3745\/revisions\/3749"}],"wp:featuredmedia":[{"embeddable":true,"href":"https:\/\/radioparquecde.com\/index.php\/wp-json\/wp\/v2\/media\/3748"}],"wp:attachment":[{"href":"https:\/\/radioparquecde.com\/index.php\/wp-json\/wp\/v2\/media?parent=3745"}],"wp:term":[{"taxonomy":"category","embeddable":true,"href":"https:\/\/radioparquecde.com\/index.php\/wp-json\/wp\/v2\/categories?post=3745"},{"taxonomy":"post_tag","embeddable":true,"href":"https:\/\/radioparquecde.com\/index.php\/wp-json\/wp\/v2\/tags?post=3745"}],"curies":[{"name":"wp","href":"https:\/\/api.w.org\/{rel}","templated":true}]}}