{"id":3785,"date":"2022-07-18T08:29:52","date_gmt":"2022-07-18T12:29:52","guid":{"rendered":"https:\/\/radioparquecde.com\/?p=3785"},"modified":"2022-07-18T08:29:54","modified_gmt":"2022-07-18T12:29:54","slug":"choque-entre-motocicletas-deja-un-muerto","status":"publish","type":"post","link":"https:\/\/radioparquecde.com\/index.php\/2022\/07\/18\/choque-entre-motocicletas-deja-un-muerto\/","title":{"rendered":"Choque entre motocicletas deja un muerto"},"content":{"rendered":"\n<p>En la noche del domingo, a las 20:50 horas, sobre un camino denominado Paso It\u00e1, en Hernandarias se produjo un accidente con derivaci\u00f3n fatal.<\/p>\n\n\n\n<p>La v\u00edctima fue identificada como Tom\u00e1s Ben\u00edtez Fern\u00e1ndez, de 54 a\u00f1os, quien estaba al mando de una motocicleta Kenton, Milestone 170, chapa 497 CBX. El accidente involucr\u00f3 adem\u00e1s a una motocicleta Kenton 110, negro, chapa 491 CBX al mando de Francisco Javier Barrios Portillo, quien fue derivado al Hospital Distrital de Hernandarias para ser asistido.<\/p>\n\n\n\n<p>En el lugar del accidente se constat\u00f3 la muerte de uno de los motociclistas, el impacto fue frontal, seg\u00fan refiere el parte policial.<\/p>\n\n\n\n<p>Se inform\u00f3 del hecho al agente fiscal de turno, Alfredo Acosta Heyn y se dio participaci\u00f3n al M\u00e9dico Forense para la inspecci\u00f3n del cuerpo.<\/p>\n\n\n\n<figure class=\"wp-block-image size-large\"><img loading=\"lazy\" decoding=\"async\" width=\"1024\" height=\"576\" src=\"https:\/\/radioparquecde.com\/wp-content\/uploads\/2022\/07\/WhatsApp-Image-2022-07-18-at-6.47.25-AM-1024x576.jpeg\" alt=\"\" class=\"wp-image-3787\" srcset=\"https:\/\/radioparquecde.com\/wp-content\/uploads\/2022\/07\/WhatsApp-Image-2022-07-18-at-6.47.25-AM-1024x576.jpeg 1024w, https:\/\/radioparquecde.com\/wp-content\/uploads\/2022\/07\/WhatsApp-Image-2022-07-18-at-6.47.25-AM-300x169.jpeg 300w, https:\/\/radioparquecde.com\/wp-content\/uploads\/2022\/07\/WhatsApp-Image-2022-07-18-at-6.47.25-AM-768x432.jpeg 768w, https:\/\/radioparquecde.com\/wp-content\/uploads\/2022\/07\/WhatsApp-Image-2022-07-18-at-6.47.25-AM.jpeg 1280w\" sizes=\"auto, (max-width: 1024px) 100vw, 1024px\" \/><\/figure>\n","protected":false},"excerpt":{"rendered":"<p>En la noche del domingo, a las 20:50 horas, sobre un camino denominado Paso It\u00e1,&#8230;<\/p>\n","protected":false},"author":3,"featured_media":3788,"comment_status":"closed","ping_status":"closed","sticky":false,"template":"","format":"standard","meta":{"footnotes":""},"categories":[2,6],"tags":[],"class_list":["post-3785","post","type-post","status-publish","format-standard","has-post-thumbnail","hentry","category-destacadas","category-noticias"],"featured_image_urls":{"full":["https:\/\/radioparquecde.com\/wp-content\/uploads\/2022\/07\/WhatsApp-Image-2022-07-18-at-6.47.25-AM-1.jpeg",1280,720,false],"thumbnail":["https:\/\/radioparquecde.com\/wp-content\/uploads\/2022\/07\/WhatsApp-Image-2022-07-18-at-6.47.25-AM-1-150x150.jpeg",150,150,true],"medium":["https:\/\/radioparquecde.com\/wp-content\/uploads\/2022\/07\/WhatsApp-Image-2022-07-18-at-6.47.25-AM-1-300x169.jpeg",300,169,true],"medium_large":["https:\/\/radioparquecde.com\/wp-content\/uploads\/2022\/07\/WhatsApp-Image-2022-07-18-at-6.47.25-AM-1-768x432.jpeg",640,360,true],"large":["https:\/\/radioparquecde.com\/wp-content\/uploads\/2022\/07\/WhatsApp-Image-2022-07-18-at-6.47.25-AM-1-1024x576.jpeg",640,360,true],"1536x1536":["https:\/\/radioparquecde.com\/wp-content\/uploads\/2022\/07\/WhatsApp-Image-2022-07-18-at-6.47.25-AM-1.jpeg",1280,720,false],"2048x2048":["https:\/\/radioparquecde.com\/wp-content\/uploads\/2022\/07\/WhatsApp-Image-2022-07-18-at-6.47.25-AM-1.jpeg",1280,720,false],"newsphere-slider-full":["https:\/\/radioparquecde.com\/wp-content\/uploads\/2022\/07\/WhatsApp-Image-2022-07-18-at-6.47.25-AM-1.jpeg",1280,720,false],"newsphere-featured":["https:\/\/radioparquecde.com\/wp-content\/uploads\/2022\/07\/WhatsApp-Image-2022-07-18-at-6.47.25-AM-1-1024x576.jpeg",1024,576,true],"newsphere-medium":["https:\/\/radioparquecde.com\/wp-content\/uploads\/2022\/07\/WhatsApp-Image-2022-07-18-at-6.47.25-AM-1-720x380.jpeg",720,380,true]},"author_info":{"display_name":"Editor","author_link":"https:\/\/radioparquecde.com\/index.php\/author\/editor\/"},"category_info":"<a href=\"https:\/\/radioparquecde.com\/index.php\/category\/noticias\/destacadas\/\" rel=\"category tag\">Destacadas<\/a> <a href=\"https:\/\/radioparquecde.com\/index.php\/category\/noticias\/\" rel=\"category tag\">Noticias<\/a>","tag_info":"Noticias","comment_count":"0","_links":{"self":[{"href":"https:\/\/radioparquecde.com\/index.php\/wp-json\/wp\/v2\/posts\/3785","targetHints":{"allow":["GET"]}}],"collection":[{"href":"https:\/\/radioparquecde.com\/index.php\/wp-json\/wp\/v2\/posts"}],"about":[{"href":"https:\/\/radioparquecde.com\/index.php\/wp-json\/wp\/v2\/types\/post"}],"author":[{"embeddable":true,"href":"https:\/\/radioparquecde.com\/index.php\/wp-json\/wp\/v2\/users\/3"}],"replies":[{"embeddable":true,"href":"https:\/\/radioparquecde.com\/index.php\/wp-json\/wp\/v2\/comments?post=3785"}],"version-history":[{"count":1,"href":"https:\/\/radioparquecde.com\/index.php\/wp-json\/wp\/v2\/posts\/3785\/revisions"}],"predecessor-version":[{"id":3789,"href":"https:\/\/radioparquecde.com\/index.php\/wp-json\/wp\/v2\/posts\/3785\/revisions\/3789"}],"wp:featuredmedia":[{"embeddable":true,"href":"https:\/\/radioparquecde.com\/index.php\/wp-json\/wp\/v2\/media\/3788"}],"wp:attachment":[{"href":"https:\/\/radioparquecde.com\/index.php\/wp-json\/wp\/v2\/media?parent=3785"}],"wp:term":[{"taxonomy":"category","embeddable":true,"href":"https:\/\/radioparquecde.com\/index.php\/wp-json\/wp\/v2\/categories?post=3785"},{"taxonomy":"post_tag","embeddable":true,"href":"https:\/\/radioparquecde.com\/index.php\/wp-json\/wp\/v2\/tags?post=3785"}],"curies":[{"name":"wp","href":"https:\/\/api.w.org\/{rel}","templated":true}]}}