{"id":3821,"date":"2022-07-18T17:05:07","date_gmt":"2022-07-18T21:05:07","guid":{"rendered":"https:\/\/radioparquecde.com\/?p=3821"},"modified":"2022-07-18T17:05:09","modified_gmt":"2022-07-18T21:05:09","slug":"imputadas-por-matricidio-fueron-abucheadas-al-llegar-al-penal-de-oviedo-pero-se-garantiza-su-seguridad","status":"publish","type":"post","link":"https:\/\/radioparquecde.com\/index.php\/2022\/07\/18\/imputadas-por-matricidio-fueron-abucheadas-al-llegar-al-penal-de-oviedo-pero-se-garantiza-su-seguridad\/","title":{"rendered":"Imputadas por matricidio fueron abucheadas al llegar al penal de Oviedo, pero se garantiza su seguridad"},"content":{"rendered":"\n<p>Yudith Franco, directora del centro penitenciario de Coronel Oviedo, sostuvo que tienen las condiciones para garantizar la seguridad de las dos hermanas que est\u00e1n recluidas all\u00ed, Mar\u00eda Laura Ver\u00f3n Gim\u00e9nez y Lorena Beatriz Ver\u00f3n Gim\u00e9nez, imputadas por el crimen de su madre, Limpia Concepci\u00f3n Gim\u00e9nez ocurrido en Paraguar\u00ed.<\/p>\n\n\n\n<p>Si bien hubo versiones de una \u201cbienvenida especial\u201d a las mismas, la&nbsp; directora aclar\u00f3 que all\u00ed no se profirieron amenazas,&nbsp; solo hubo abucheos y gritos contra ellas cuando ingresaron al penal, pero en el pabell\u00f3n de mujeres no pas\u00f3 de eso.<\/p>\n\n\n\n<p>\u201cEn las penitenciar\u00edas siempre hay riesgos, pero tenemos agentes preparados custodiando el lugar\u201d, expres\u00f3.<\/p>\n\n\n\n<figure class=\"wp-block-image size-full\"><img loading=\"lazy\" decoding=\"async\" width=\"1024\" height=\"695\" src=\"https:\/\/radioparquecde.com\/wp-content\/uploads\/2022\/07\/Maria-Laura-Veron-Gimenez-y-Lorena-Beatriz-Veron-Gimenez-1024x695-1.jpg\" alt=\"\" class=\"wp-image-3823\" srcset=\"https:\/\/radioparquecde.com\/wp-content\/uploads\/2022\/07\/Maria-Laura-Veron-Gimenez-y-Lorena-Beatriz-Veron-Gimenez-1024x695-1.jpg 1024w, https:\/\/radioparquecde.com\/wp-content\/uploads\/2022\/07\/Maria-Laura-Veron-Gimenez-y-Lorena-Beatriz-Veron-Gimenez-1024x695-1-300x204.jpg 300w, https:\/\/radioparquecde.com\/wp-content\/uploads\/2022\/07\/Maria-Laura-Veron-Gimenez-y-Lorena-Beatriz-Veron-Gimenez-1024x695-1-768x521.jpg 768w\" sizes=\"auto, (max-width: 1024px) 100vw, 1024px\" \/><\/figure>\n","protected":false},"excerpt":{"rendered":"<p>Yudith Franco, directora del centro penitenciario de Coronel Oviedo, sostuvo que tienen las condiciones para&#8230;<\/p>\n","protected":false},"author":3,"featured_media":0,"comment_status":"closed","ping_status":"closed","sticky":false,"template":"","format":"standard","meta":{"footnotes":""},"categories":[6,47],"tags":[],"class_list":["post-3821","post","type-post","status-publish","format-standard","hentry","category-noticias","category-sucesos"],"featured_image_urls":{"full":"","thumbnail":"","medium":"","medium_large":"","large":"","1536x1536":"","2048x2048":"","newsphere-slider-full":"","newsphere-featured":"","newsphere-medium":""},"author_info":{"display_name":"Editor","author_link":"https:\/\/radioparquecde.com\/index.php\/author\/editor\/"},"category_info":"<a href=\"https:\/\/radioparquecde.com\/index.php\/category\/noticias\/\" rel=\"category tag\">Noticias<\/a> <a href=\"https:\/\/radioparquecde.com\/index.php\/category\/sucesos\/\" rel=\"category tag\">SUCESOS<\/a>","tag_info":"SUCESOS","comment_count":"0","_links":{"self":[{"href":"https:\/\/radioparquecde.com\/index.php\/wp-json\/wp\/v2\/posts\/3821","targetHints":{"allow":["GET"]}}],"collection":[{"href":"https:\/\/radioparquecde.com\/index.php\/wp-json\/wp\/v2\/posts"}],"about":[{"href":"https:\/\/radioparquecde.com\/index.php\/wp-json\/wp\/v2\/types\/post"}],"author":[{"embeddable":true,"href":"https:\/\/radioparquecde.com\/index.php\/wp-json\/wp\/v2\/users\/3"}],"replies":[{"embeddable":true,"href":"https:\/\/radioparquecde.com\/index.php\/wp-json\/wp\/v2\/comments?post=3821"}],"version-history":[{"count":1,"href":"https:\/\/radioparquecde.com\/index.php\/wp-json\/wp\/v2\/posts\/3821\/revisions"}],"predecessor-version":[{"id":3824,"href":"https:\/\/radioparquecde.com\/index.php\/wp-json\/wp\/v2\/posts\/3821\/revisions\/3824"}],"wp:attachment":[{"href":"https:\/\/radioparquecde.com\/index.php\/wp-json\/wp\/v2\/media?parent=3821"}],"wp:term":[{"taxonomy":"category","embeddable":true,"href":"https:\/\/radioparquecde.com\/index.php\/wp-json\/wp\/v2\/categories?post=3821"},{"taxonomy":"post_tag","embeddable":true,"href":"https:\/\/radioparquecde.com\/index.php\/wp-json\/wp\/v2\/tags?post=3821"}],"curies":[{"name":"wp","href":"https:\/\/api.w.org\/{rel}","templated":true}]}}