{"id":3848,"date":"2022-07-19T10:03:38","date_gmt":"2022-07-19T14:03:38","guid":{"rendered":"https:\/\/radioparquecde.com\/?p=3848"},"modified":"2022-07-19T10:03:40","modified_gmt":"2022-07-19T14:03:40","slug":"fiscal-procesa-a-involucrado-en-intento-de-asalto-a-transportador-de-caudales","status":"publish","type":"post","link":"https:\/\/radioparquecde.com\/index.php\/2022\/07\/19\/fiscal-procesa-a-involucrado-en-intento-de-asalto-a-transportador-de-caudales\/","title":{"rendered":"Fiscal procesa a involucrado en intento de asalto a transportador de caudales"},"content":{"rendered":"\n<p>El fiscal Alfredo Acosta Heyn imput\u00f3 a un hombre presuntamente involucrado en una tentativa de asalto contra un veh\u00edculo transportador de caudales de la empresa Prosegur S.A. Se trata de Edgar Monges Riquelme (36), quien se encuentra privado de libertad en la Direcci\u00f3n de Polic\u00eda de Alto Paran\u00e1, a disposici\u00f3n del Juzgado de Garant\u00edas.<\/p>\n\n\n\n<p>El hecho ocurri\u00f3 el 14 de julio, a las 16:00 horas aproximadamente, sobre la Ruta PY07 (ex supercarretera), altura del kil\u00f3metro 52, frente mismo a la escuela San Antonio del distrito de Hernandarias. Resultaron v\u00edctimas tres trabajadores de la firma en cuesti\u00f3n, quienes ven\u00edan a bordo de un cami\u00f3n Mercedes Benz desde Salto del Guair\u00e1 a Ciudad del Este.<\/p>\n\n\n\n<p>Al alcanzar el lugar de referencia, varios presuntos criminales interceptaron en tres veh\u00edculos al transportador de caudales y abrieron fuego contra el rodado. Los<\/p>\n\n\n\n<p>custodios respondieron de la misma forma y repelieron el ataque. Tras el fuego cruzado, los atacantes huyeron del lugar y abandonaron posteriormente los tres veh\u00edculos en una zona boscosa de la colonia ind\u00edgena Acaraym\u00ed.<\/p>\n\n\n\n<p>Los investigadores primeramente hallaron un autom\u00f3vil VW Vogage, de color blanco, con chapa brasile\u00f1a QWV7B11, en cuya valijera encontraron un balde con clavos \u00abmiguelitos\u00bb. Luego, a unos 300 metros del sitio, los presuntos delincuentes abandonaron una camioneta, de la marca Toyota Fortuner, de color champagne, con matr\u00edcula WXFJ 765Py.<\/p>\n\n\n\n<p>El veh\u00edculo presentaba dos impactos de balas en la puerta delantera derecha y otros en la parte trasera del rodado. Adem\u00e1s, en el interior del ve\u00edculo hab\u00eda un montaje de madera que servir\u00eda presuntamente para acoplar armas de grueso calibre.<\/p>\n\n\n\n<p>Mientras, el tercer rodado, de la marca Nissan Sentra, plateado, fue encontrado totalmente incinerado en un camino terraplenado de la localidad denominada L\u00ednea Shert, camino a Gleba 11, que une Mbaracay\u00fa con San Alberto.<\/p>\n\n\n\n<p>En prosecuci\u00f3n de la investigaci\u00f3n, la Fiscal\u00eda y la Polic\u00eda Nacional realizaron varios allanamientos en diferentes puntos de Hernandarias y en una de las intervenciones detuvieron a Edgar Monges Riquelme, de cuyo poder fue incautado un tel\u00e9fono celular. El mismo cuenta en su vivienda con un aguantadero, donde se habr\u00eda guardado el autom\u00f3vil Nissan Sentra que fuera incinerado.<\/p>\n\n\n\n<p>Posteriormente, el mismo detenido acompa\u00f1\u00f3 a la comitiva a la siguiente vivienda, en un establecimiento rural, a orillas del r\u00edo Acaray. Del lugar incautaron varias evidencias que podr\u00edan tener relaci\u00f3n con la tentativa de atraco, como ser un chaleco reflectivo fosforescente y varias piezas de material pl\u00e1stico oscuro utilizado para polarizado de veh\u00edculos.<\/p>\n\n\n\n<p>El fiscal Acosta Heyn, al considerar los elementos de sospecha, present\u00f3 la imputaci\u00f3n contra Monges Riquelme y de igual forma solicit\u00f3 al Juzgado su prisi\u00f3n preventiva.<\/p>\n\n\n\n<figure class=\"wp-block-image size-full\"><img loading=\"lazy\" decoding=\"async\" width=\"471\" height=\"471\" src=\"https:\/\/radioparquecde.com\/wp-content\/uploads\/2022\/07\/294659175_781883909930791_2891514060348265637_n.jpg\" alt=\"\" class=\"wp-image-3850\" srcset=\"https:\/\/radioparquecde.com\/wp-content\/uploads\/2022\/07\/294659175_781883909930791_2891514060348265637_n.jpg 471w, https:\/\/radioparquecde.com\/wp-content\/uploads\/2022\/07\/294659175_781883909930791_2891514060348265637_n-300x300.jpg 300w, https:\/\/radioparquecde.com\/wp-content\/uploads\/2022\/07\/294659175_781883909930791_2891514060348265637_n-150x150.jpg 150w\" sizes=\"auto, (max-width: 471px) 100vw, 471px\" \/><\/figure>\n","protected":false},"excerpt":{"rendered":"<p>El fiscal Alfredo Acosta Heyn imput\u00f3 a un hombre presuntamente involucrado en una tentativa de&#8230;<\/p>\n","protected":false},"author":3,"featured_media":3851,"comment_status":"closed","ping_status":"closed","sticky":false,"template":"","format":"standard","meta":{"footnotes":""},"categories":[2,6],"tags":[],"class_list":["post-3848","post","type-post","status-publish","format-standard","has-post-thumbnail","hentry","category-destacadas","category-noticias"],"featured_image_urls":{"full":["https:\/\/radioparquecde.com\/wp-content\/uploads\/2022\/07\/294659175_781883909930791_2891514060348265637_n-1.jpg",471,471,false],"thumbnail":["https:\/\/radioparquecde.com\/wp-content\/uploads\/2022\/07\/294659175_781883909930791_2891514060348265637_n-1-150x150.jpg",150,150,true],"medium":["https:\/\/radioparquecde.com\/wp-content\/uploads\/2022\/07\/294659175_781883909930791_2891514060348265637_n-1-300x300.jpg",300,300,true],"medium_large":["https:\/\/radioparquecde.com\/wp-content\/uploads\/2022\/07\/294659175_781883909930791_2891514060348265637_n-1.jpg",471,471,false],"large":["https:\/\/radioparquecde.com\/wp-content\/uploads\/2022\/07\/294659175_781883909930791_2891514060348265637_n-1.jpg",471,471,false],"1536x1536":["https:\/\/radioparquecde.com\/wp-content\/uploads\/2022\/07\/294659175_781883909930791_2891514060348265637_n-1.jpg",471,471,false],"2048x2048":["https:\/\/radioparquecde.com\/wp-content\/uploads\/2022\/07\/294659175_781883909930791_2891514060348265637_n-1.jpg",471,471,false],"newsphere-slider-full":["https:\/\/radioparquecde.com\/wp-content\/uploads\/2022\/07\/294659175_781883909930791_2891514060348265637_n-1.jpg",471,471,false],"newsphere-featured":["https:\/\/radioparquecde.com\/wp-content\/uploads\/2022\/07\/294659175_781883909930791_2891514060348265637_n-1.jpg",471,471,false],"newsphere-medium":["https:\/\/radioparquecde.com\/wp-content\/uploads\/2022\/07\/294659175_781883909930791_2891514060348265637_n-1-471x380.jpg",471,380,true]},"author_info":{"display_name":"Editor","author_link":"https:\/\/radioparquecde.com\/index.php\/author\/editor\/"},"category_info":"<a href=\"https:\/\/radioparquecde.com\/index.php\/category\/noticias\/destacadas\/\" rel=\"category tag\">Destacadas<\/a> <a href=\"https:\/\/radioparquecde.com\/index.php\/category\/noticias\/\" rel=\"category tag\">Noticias<\/a>","tag_info":"Noticias","comment_count":"0","_links":{"self":[{"href":"https:\/\/radioparquecde.com\/index.php\/wp-json\/wp\/v2\/posts\/3848","targetHints":{"allow":["GET"]}}],"collection":[{"href":"https:\/\/radioparquecde.com\/index.php\/wp-json\/wp\/v2\/posts"}],"about":[{"href":"https:\/\/radioparquecde.com\/index.php\/wp-json\/wp\/v2\/types\/post"}],"author":[{"embeddable":true,"href":"https:\/\/radioparquecde.com\/index.php\/wp-json\/wp\/v2\/users\/3"}],"replies":[{"embeddable":true,"href":"https:\/\/radioparquecde.com\/index.php\/wp-json\/wp\/v2\/comments?post=3848"}],"version-history":[{"count":1,"href":"https:\/\/radioparquecde.com\/index.php\/wp-json\/wp\/v2\/posts\/3848\/revisions"}],"predecessor-version":[{"id":3852,"href":"https:\/\/radioparquecde.com\/index.php\/wp-json\/wp\/v2\/posts\/3848\/revisions\/3852"}],"wp:featuredmedia":[{"embeddable":true,"href":"https:\/\/radioparquecde.com\/index.php\/wp-json\/wp\/v2\/media\/3851"}],"wp:attachment":[{"href":"https:\/\/radioparquecde.com\/index.php\/wp-json\/wp\/v2\/media?parent=3848"}],"wp:term":[{"taxonomy":"category","embeddable":true,"href":"https:\/\/radioparquecde.com\/index.php\/wp-json\/wp\/v2\/categories?post=3848"},{"taxonomy":"post_tag","embeddable":true,"href":"https:\/\/radioparquecde.com\/index.php\/wp-json\/wp\/v2\/tags?post=3848"}],"curies":[{"name":"wp","href":"https:\/\/api.w.org\/{rel}","templated":true}]}}