{"id":3886,"date":"2022-07-20T10:18:50","date_gmt":"2022-07-20T14:18:50","guid":{"rendered":"https:\/\/radioparquecde.com\/?p=3886"},"modified":"2022-07-20T10:18:51","modified_gmt":"2022-07-20T14:18:51","slug":"atrapan-a-seis-sujetos-que-asaltaron-a-un-cobrador-mediante-gps-de-celular","status":"publish","type":"post","link":"https:\/\/radioparquecde.com\/index.php\/2022\/07\/20\/atrapan-a-seis-sujetos-que-asaltaron-a-un-cobrador-mediante-gps-de-celular\/","title":{"rendered":"Atrapan a seis sujetos que asaltaron a un cobrador, mediante GPS de celular"},"content":{"rendered":"\n<p>Agentes del destacamento policial n\u00ba 1 y de la comisar\u00eda 2\u00aa del barrio Ciudad Nueva aprehendieron ayer a la tarde a seis sujetos sospechados de asaltar a un cobrador de la empresa de recolecci\u00f3n de basura VIMAX S.A. Seg\u00fan los datos, la v\u00edctima fue despojada a punta de cuchillo de su celular y una mochila que conten\u00eda documentos varios. Dos de ellos fueron plenamente reconocidos, mientras que un tercero ten\u00eda orden de captura por robo agravado. En tanto, los otros tres fueron liberados por disposici\u00f3n fiscal. Los polic\u00edas llegaron a los delincuentes mediante el GPS del tel\u00e9fono del afectado.<\/p>\n\n\n\n<p>Eran un poco m\u00e1s de 15:00 de ayer cuando el empleado de la firma VIMAX S.A.,&nbsp; Andr\u00e9s Ysa\u00edas S\u00e1nchez Ojeda, de 21 a\u00f1os, estaba realizando las cobranzas de rutina a los usuarios a bordo de su motocicleta. En un momento dado, sobre la avenida Julio C\u00e9sar Riquelme, a la altura de la fracci\u00f3n El Arroyo, inmediaciones del surtidor Petropar, S\u00e1nchez Ojeda fue sorprendido por dos sujetos que se movilizaban en una moto y a punta de arma blanca (cuchillo) lo despojaron de su celular de la marca Samsung, modelo A 30, y una mochila que conten\u00eda facturas de cobranza de la referida empresa, dos tarjetas de cr\u00e9ditos a cargo del banco Atlas y Visi\u00f3n. Adem\u00e1s de sus documentos personales, como c\u00e9dula de identidad, licencia de conducir y habilitaci\u00f3n de su motocicleta.<\/p>\n\n\n\n<p>Posteriormente, el joven radic\u00f3 la denuncia ante la Polic\u00eda y siguiendo la se\u00f1al del GPS del tel\u00e9fono, los uniformados llegaron hasta una vivienda ubicada frente a la exparada de la empresa de transporte Santo Domingo, donde procedieron a la aprehensi\u00f3n de Fabio Ad\u00e1n Rodr\u00edguez, de 22 a\u00f1os, domiciliado en el km 7, lado Monday; Fabio Rodrigo N\u00fa\u00f1ez Cristaldo, de 32 a\u00f1os, domiciliado en el km 7, barrio Ciudad Nueva; Javier Fernando Penayo Vel\u00e1zquez, de 28, domiciliado detr\u00e1s de la sub est\u00e1tica del km 6 Monday, fracci\u00f3n Santa Librada, quien registra orden de captura por robo agravado. Los dos primeros fueron plenamente reconocidos por la v\u00edctima.<\/p>\n\n\n\n<p>Adem\u00e1s, fueron aprehendidos Carlos Humberto Bogado Cantero, de 32 a\u00f1os, domiciliado en el barrio 23 de Octubre; Cristian Antonio Chaparro, de 32, y Fabio Junior Santacruz Ocampos, de 24 a\u00f1os,&nbsp; domiciliado en el barrio San Blas. Del poder de los detenidos se recuper\u00f3 el celular y la mochila de la v\u00edctima. Los \u00faltimos tres fueron liberados nuevamente por disposici\u00f3n del fiscal Carlos Almada.<\/p>\n\n\n\n<figure class=\"wp-block-image size-large\"><img loading=\"lazy\" decoding=\"async\" width=\"1024\" height=\"638\" src=\"https:\/\/radioparquecde.com\/wp-content\/uploads\/2022\/07\/PAG-10-A-F1-1024x638.jpg\" alt=\"\" class=\"wp-image-3888\" srcset=\"https:\/\/radioparquecde.com\/wp-content\/uploads\/2022\/07\/PAG-10-A-F1-1024x638.jpg 1024w, https:\/\/radioparquecde.com\/wp-content\/uploads\/2022\/07\/PAG-10-A-F1-300x187.jpg 300w, https:\/\/radioparquecde.com\/wp-content\/uploads\/2022\/07\/PAG-10-A-F1-768x479.jpg 768w, https:\/\/radioparquecde.com\/wp-content\/uploads\/2022\/07\/PAG-10-A-F1.jpg 1200w\" sizes=\"auto, (max-width: 1024px) 100vw, 1024px\" \/><figcaption><em>Los detenidos son Fabio Ad\u00e1n Rodr\u00edguez, Fabio Rodrigo N\u00fa\u00f1ez Cristaldo (reconocidos) y Javier Fernando Penayo Vel\u00e1zquez, con orden de captura por robo agravado.<\/em><\/figcaption><\/figure>\n","protected":false},"excerpt":{"rendered":"<p>Agentes del destacamento policial n\u00ba 1 y de la comisar\u00eda 2\u00aa del barrio Ciudad Nueva&#8230;<\/p>\n","protected":false},"author":3,"featured_media":3889,"comment_status":"closed","ping_status":"closed","sticky":false,"template":"","format":"standard","meta":{"footnotes":""},"categories":[48],"tags":[],"class_list":["post-3886","post","type-post","status-publish","format-standard","has-post-thumbnail","hentry","category-alto-parana"],"featured_image_urls":{"full":["https:\/\/radioparquecde.com\/wp-content\/uploads\/2022\/07\/PAG-10-A-F1-1.jpg",1200,748,false],"thumbnail":["https:\/\/radioparquecde.com\/wp-content\/uploads\/2022\/07\/PAG-10-A-F1-1-150x150.jpg",150,150,true],"medium":["https:\/\/radioparquecde.com\/wp-content\/uploads\/2022\/07\/PAG-10-A-F1-1-300x187.jpg",300,187,true],"medium_large":["https:\/\/radioparquecde.com\/wp-content\/uploads\/2022\/07\/PAG-10-A-F1-1-768x479.jpg",640,399,true],"large":["https:\/\/radioparquecde.com\/wp-content\/uploads\/2022\/07\/PAG-10-A-F1-1-1024x638.jpg",640,399,true],"1536x1536":["https:\/\/radioparquecde.com\/wp-content\/uploads\/2022\/07\/PAG-10-A-F1-1.jpg",1200,748,false],"2048x2048":["https:\/\/radioparquecde.com\/wp-content\/uploads\/2022\/07\/PAG-10-A-F1-1.jpg",1200,748,false],"newsphere-slider-full":["https:\/\/radioparquecde.com\/wp-content\/uploads\/2022\/07\/PAG-10-A-F1-1-1200x720.jpg",1200,720,true],"newsphere-featured":["https:\/\/radioparquecde.com\/wp-content\/uploads\/2022\/07\/PAG-10-A-F1-1-1024x638.jpg",1024,638,true],"newsphere-medium":["https:\/\/radioparquecde.com\/wp-content\/uploads\/2022\/07\/PAG-10-A-F1-1-720x380.jpg",720,380,true]},"author_info":{"display_name":"Editor","author_link":"https:\/\/radioparquecde.com\/index.php\/author\/editor\/"},"category_info":"<a href=\"https:\/\/radioparquecde.com\/index.php\/category\/alto-parana\/\" rel=\"category tag\">ALTO PARAN\u00c1<\/a>","tag_info":"ALTO PARAN\u00c1","comment_count":"0","_links":{"self":[{"href":"https:\/\/radioparquecde.com\/index.php\/wp-json\/wp\/v2\/posts\/3886","targetHints":{"allow":["GET"]}}],"collection":[{"href":"https:\/\/radioparquecde.com\/index.php\/wp-json\/wp\/v2\/posts"}],"about":[{"href":"https:\/\/radioparquecde.com\/index.php\/wp-json\/wp\/v2\/types\/post"}],"author":[{"embeddable":true,"href":"https:\/\/radioparquecde.com\/index.php\/wp-json\/wp\/v2\/users\/3"}],"replies":[{"embeddable":true,"href":"https:\/\/radioparquecde.com\/index.php\/wp-json\/wp\/v2\/comments?post=3886"}],"version-history":[{"count":1,"href":"https:\/\/radioparquecde.com\/index.php\/wp-json\/wp\/v2\/posts\/3886\/revisions"}],"predecessor-version":[{"id":3890,"href":"https:\/\/radioparquecde.com\/index.php\/wp-json\/wp\/v2\/posts\/3886\/revisions\/3890"}],"wp:featuredmedia":[{"embeddable":true,"href":"https:\/\/radioparquecde.com\/index.php\/wp-json\/wp\/v2\/media\/3889"}],"wp:attachment":[{"href":"https:\/\/radioparquecde.com\/index.php\/wp-json\/wp\/v2\/media?parent=3886"}],"wp:term":[{"taxonomy":"category","embeddable":true,"href":"https:\/\/radioparquecde.com\/index.php\/wp-json\/wp\/v2\/categories?post=3886"},{"taxonomy":"post_tag","embeddable":true,"href":"https:\/\/radioparquecde.com\/index.php\/wp-json\/wp\/v2\/tags?post=3886"}],"curies":[{"name":"wp","href":"https:\/\/api.w.org\/{rel}","templated":true}]}}