{"id":3901,"date":"2022-07-20T15:18:17","date_gmt":"2022-07-20T19:18:17","guid":{"rendered":"https:\/\/radioparquecde.com\/?p=3901"},"modified":"2022-07-20T15:18:19","modified_gmt":"2022-07-20T19:18:19","slug":"miguel-prieto-anuncia-adquisicion-de-20-buses-electricos","status":"publish","type":"post","link":"https:\/\/radioparquecde.com\/index.php\/2022\/07\/20\/miguel-prieto-anuncia-adquisicion-de-20-buses-electricos\/","title":{"rendered":"Miguel Prieto anuncia adquisici\u00f3n de 20 buses el\u00e9ctricos"},"content":{"rendered":"\n<p>El intendente de Ciudad del Este, Miguel Prieto Vallejos, present\u00f3 este mi\u00e9rcoles 20 de julio a la Junta Municipal, el mensaje referente al proyecto de implementaci\u00f3n de los buses el\u00e9ctricos en el municipio, el cual implica que el \u201cCambio de la matriz energ\u00e9tica y el respeto al medio ambiente\u201d, se inicia en esta capital departamental.<\/p>\n\n\n\n<p>Al iniciar la presentaci\u00f3n dijo que considera que se trata de un avance hist\u00f3rico, por lo que se atrevi\u00f3 a interrumpir una sesi\u00f3n ordinaria de la Junta Municipal, pues la ciudad tiene 67 a\u00f1os y cost\u00f3 realizar una renovaci\u00f3n de las flotas, en medio de accidentes lamentables.<\/p>\n\n\n\n<p>Refiri\u00f3 tambi\u00e9n que hoy d\u00eda el precio internacional del petr\u00f3leo y del combustible hace que sea dif\u00edcil el mejoramiento de la flota de buses, por lo que desde el Gobierno municipal se pens\u00f3 en este plan.<\/p>\n\n\n\n<p>\u201cNos adelantamos al Gobierno central, a otros municipios y hoy le hacemos entrega en la propia sesi\u00f3n a la Junta Municipal para su an\u00e1lisis y estudio, el proyecto de adquisici\u00f3n de veinte buses el\u00e9ctricos\u201d, adujo al mencionar que unas tres empresas se preparan para participar de la licitaci\u00f3n, entre ellas una empresa brasile\u00f1a.<\/p>\n\n\n\n<figure class=\"wp-block-image size-large\"><img loading=\"lazy\" decoding=\"async\" width=\"1024\" height=\"684\" src=\"https:\/\/radioparquecde.com\/wp-content\/uploads\/2022\/07\/IMG-20220720-WA0113-1024x684.jpg\" alt=\"\" class=\"wp-image-3903\" srcset=\"https:\/\/radioparquecde.com\/wp-content\/uploads\/2022\/07\/IMG-20220720-WA0113-1024x684.jpg 1024w, https:\/\/radioparquecde.com\/wp-content\/uploads\/2022\/07\/IMG-20220720-WA0113-300x200.jpg 300w, https:\/\/radioparquecde.com\/wp-content\/uploads\/2022\/07\/IMG-20220720-WA0113-768x513.jpg 768w, https:\/\/radioparquecde.com\/wp-content\/uploads\/2022\/07\/IMG-20220720-WA0113.jpg 1280w\" sizes=\"auto, (max-width: 1024px) 100vw, 1024px\" \/><\/figure>\n\n\n\n<p>El intendente anunci\u00f3 que la terminal ser\u00e1 totalmente reformada, al hablar del inicio de una transici\u00f3n energ\u00e9tica que se est\u00e1 impulsando desde el Este, el cual deb\u00eda ser una iniciativa del Gobierno central. Indic\u00f3 que gracias al equipo t\u00e9cnico de la Municipalidad que trabaj\u00f3 much\u00edsimo, sali\u00f3 este gran proyecto.<\/p>\n\n\n\n<p>Destac\u00f3 que las licitaciones de la planta asf\u00e1ltica salieron todo bien, al ponderar que una empresa an\u00f3nima hizo una protesta, el cual tuvo un rechaz\u00f3 in l\u00edmine por parte de la Direcci\u00f3n Nacional de Contrataciones P\u00fablicas, porque precisamente \u201cno puso la cara\u201d.<\/p>\n\n\n\n<p>Resalt\u00f3 que con la planta asf\u00e1ltica se podr\u00e1 dar una soluci\u00f3n definitiva a muchos problemas estructurales de la ciudad y que gran parte, los grandes protagonistas del proceso son los concejales municipales por apoyar incondicionalmente la iniciativa del Ejecutivo. Agradeci\u00f3, por ende, a la Junta Municipal, al dejar el documento en manos del presidente Pedro Acu\u00f1a, para que los concejales tomen su tiempo para estudiarlo, con la suficiente apertura para que la prensa indague, revise; para luego hacer las publicaciones respectivas al proyecto.<\/p>\n","protected":false},"excerpt":{"rendered":"<p>El intendente de Ciudad del Este, Miguel Prieto Vallejos, present\u00f3 este mi\u00e9rcoles 20 de julio&#8230;<\/p>\n","protected":false},"author":3,"featured_media":3904,"comment_status":"closed","ping_status":"closed","sticky":false,"template":"","format":"standard","meta":{"footnotes":""},"categories":[48,2],"tags":[],"class_list":["post-3901","post","type-post","status-publish","format-standard","has-post-thumbnail","hentry","category-alto-parana","category-destacadas"],"featured_image_urls":{"full":["https:\/\/radioparquecde.com\/wp-content\/uploads\/2022\/07\/IMG-20220720-WA0113-1.jpg",1280,855,false],"thumbnail":["https:\/\/radioparquecde.com\/wp-content\/uploads\/2022\/07\/IMG-20220720-WA0113-1-150x150.jpg",150,150,true],"medium":["https:\/\/radioparquecde.com\/wp-content\/uploads\/2022\/07\/IMG-20220720-WA0113-1-300x200.jpg",300,200,true],"medium_large":["https:\/\/radioparquecde.com\/wp-content\/uploads\/2022\/07\/IMG-20220720-WA0113-1-768x513.jpg",640,428,true],"large":["https:\/\/radioparquecde.com\/wp-content\/uploads\/2022\/07\/IMG-20220720-WA0113-1-1024x684.jpg",640,428,true],"1536x1536":["https:\/\/radioparquecde.com\/wp-content\/uploads\/2022\/07\/IMG-20220720-WA0113-1.jpg",1280,855,false],"2048x2048":["https:\/\/radioparquecde.com\/wp-content\/uploads\/2022\/07\/IMG-20220720-WA0113-1.jpg",1280,855,false],"newsphere-slider-full":["https:\/\/radioparquecde.com\/wp-content\/uploads\/2022\/07\/IMG-20220720-WA0113-1-1280x720.jpg",1280,720,true],"newsphere-featured":["https:\/\/radioparquecde.com\/wp-content\/uploads\/2022\/07\/IMG-20220720-WA0113-1-1024x684.jpg",1024,684,true],"newsphere-medium":["https:\/\/radioparquecde.com\/wp-content\/uploads\/2022\/07\/IMG-20220720-WA0113-1-720x380.jpg",720,380,true]},"author_info":{"display_name":"Editor","author_link":"https:\/\/radioparquecde.com\/index.php\/author\/editor\/"},"category_info":"<a href=\"https:\/\/radioparquecde.com\/index.php\/category\/alto-parana\/\" rel=\"category tag\">ALTO PARAN\u00c1<\/a> <a href=\"https:\/\/radioparquecde.com\/index.php\/category\/noticias\/destacadas\/\" rel=\"category tag\">Destacadas<\/a>","tag_info":"Destacadas","comment_count":"0","_links":{"self":[{"href":"https:\/\/radioparquecde.com\/index.php\/wp-json\/wp\/v2\/posts\/3901","targetHints":{"allow":["GET"]}}],"collection":[{"href":"https:\/\/radioparquecde.com\/index.php\/wp-json\/wp\/v2\/posts"}],"about":[{"href":"https:\/\/radioparquecde.com\/index.php\/wp-json\/wp\/v2\/types\/post"}],"author":[{"embeddable":true,"href":"https:\/\/radioparquecde.com\/index.php\/wp-json\/wp\/v2\/users\/3"}],"replies":[{"embeddable":true,"href":"https:\/\/radioparquecde.com\/index.php\/wp-json\/wp\/v2\/comments?post=3901"}],"version-history":[{"count":1,"href":"https:\/\/radioparquecde.com\/index.php\/wp-json\/wp\/v2\/posts\/3901\/revisions"}],"predecessor-version":[{"id":3905,"href":"https:\/\/radioparquecde.com\/index.php\/wp-json\/wp\/v2\/posts\/3901\/revisions\/3905"}],"wp:featuredmedia":[{"embeddable":true,"href":"https:\/\/radioparquecde.com\/index.php\/wp-json\/wp\/v2\/media\/3904"}],"wp:attachment":[{"href":"https:\/\/radioparquecde.com\/index.php\/wp-json\/wp\/v2\/media?parent=3901"}],"wp:term":[{"taxonomy":"category","embeddable":true,"href":"https:\/\/radioparquecde.com\/index.php\/wp-json\/wp\/v2\/categories?post=3901"},{"taxonomy":"post_tag","embeddable":true,"href":"https:\/\/radioparquecde.com\/index.php\/wp-json\/wp\/v2\/tags?post=3901"}],"curies":[{"name":"wp","href":"https:\/\/api.w.org\/{rel}","templated":true}]}}