{"id":3913,"date":"2022-07-21T08:27:38","date_gmt":"2022-07-21T12:27:38","guid":{"rendered":"https:\/\/radioparquecde.com\/?p=3913"},"modified":"2022-07-21T08:28:08","modified_gmt":"2022-07-21T12:28:08","slug":"borracho-ocasiona-violento-accidente","status":"publish","type":"post","link":"https:\/\/radioparquecde.com\/index.php\/2022\/07\/21\/borracho-ocasiona-violento-accidente\/","title":{"rendered":"Borracho ocasiona violento accidente"},"content":{"rendered":"\n<p>Un motociclista termin\u00f3 gravemente herido tras impactar contra un rodado que iba conducido por un borracho. Sucedi\u00f3 a las 03:10 horas de este jueves sobre la ruta Py 02, a la altura del Km. 18 lado Acaray en Minga Guaz\u00fa.<\/p>\n\n\n\n<p>El percance involucr\u00f3 un Toyota Corolla, blanco, chapa CAE 583 al mando de Salom\u00f3n Vera Ben\u00edtez (51) y una motocicleta Kenton GTR 200, rojo, chapa 218 AAJG al mando de Ram\u00f3n Ren\u00e9 Cubilla Meaurio (21) quien result\u00f3 con varias lesiones.<\/p>\n\n\n\n<p>Seg\u00fan el parte policial, el biciclo se incrust\u00f3 por la parte trasera del autom\u00f3vil, cayendo violentamente al pavimento, de donde fue derivado a un centro asistencial a bordo de una ambulancia de la concesionaria Tape Por\u00e3.<\/p>\n\n\n\n<p>Vera Ben\u00edtez indic\u00f3 que en un momento dado escuch\u00f3 un fuerte ruido y vio que el hombre hab\u00eda chocado por la parte trasera. El conductor fue sometido a la prueba de alcotest, dando como resultado positivo 0.75 mg\/L.<\/p>\n\n\n\n<p>Se dio aviso a Criminal\u00edstica para la intervenci\u00f3n y, se avis\u00f3 al Ministerio P\u00fablico a cargo de Carlos Almada, quien dispuso la incautaci\u00f3n de los veh\u00edculos.<\/p>\n\n\n\n<figure class=\"wp-block-image size-large\"><img loading=\"lazy\" decoding=\"async\" width=\"769\" height=\"1024\" src=\"https:\/\/radioparquecde.com\/wp-content\/uploads\/2022\/07\/WhatsApp-Image-2022-07-21-at-6.51.45-AM-769x1024.jpeg\" alt=\"\" class=\"wp-image-3915\" srcset=\"https:\/\/radioparquecde.com\/wp-content\/uploads\/2022\/07\/WhatsApp-Image-2022-07-21-at-6.51.45-AM-769x1024.jpeg 769w, https:\/\/radioparquecde.com\/wp-content\/uploads\/2022\/07\/WhatsApp-Image-2022-07-21-at-6.51.45-AM-225x300.jpeg 225w, https:\/\/radioparquecde.com\/wp-content\/uploads\/2022\/07\/WhatsApp-Image-2022-07-21-at-6.51.45-AM-768x1023.jpeg 768w, https:\/\/radioparquecde.com\/wp-content\/uploads\/2022\/07\/WhatsApp-Image-2022-07-21-at-6.51.45-AM.jpeg 868w\" sizes=\"auto, (max-width: 769px) 100vw, 769px\" \/><\/figure>\n","protected":false},"excerpt":{"rendered":"<p>Un motociclista termin\u00f3 gravemente herido tras impactar contra un rodado que iba conducido por un&#8230;<\/p>\n","protected":false},"author":3,"featured_media":3916,"comment_status":"closed","ping_status":"closed","sticky":false,"template":"","format":"standard","meta":{"footnotes":""},"categories":[48,6],"tags":[],"class_list":["post-3913","post","type-post","status-publish","format-standard","has-post-thumbnail","hentry","category-alto-parana","category-noticias"],"featured_image_urls":{"full":["https:\/\/radioparquecde.com\/wp-content\/uploads\/2022\/07\/WhatsApp-Image-2022-07-21-at-6.51.45-AM-1.jpeg",868,1156,false],"thumbnail":["https:\/\/radioparquecde.com\/wp-content\/uploads\/2022\/07\/WhatsApp-Image-2022-07-21-at-6.51.45-AM-1-150x150.jpeg",150,150,true],"medium":["https:\/\/radioparquecde.com\/wp-content\/uploads\/2022\/07\/WhatsApp-Image-2022-07-21-at-6.51.45-AM-1-225x300.jpeg",225,300,true],"medium_large":["https:\/\/radioparquecde.com\/wp-content\/uploads\/2022\/07\/WhatsApp-Image-2022-07-21-at-6.51.45-AM-1-768x1023.jpeg",640,853,true],"large":["https:\/\/radioparquecde.com\/wp-content\/uploads\/2022\/07\/WhatsApp-Image-2022-07-21-at-6.51.45-AM-1-769x1024.jpeg",640,852,true],"1536x1536":["https:\/\/radioparquecde.com\/wp-content\/uploads\/2022\/07\/WhatsApp-Image-2022-07-21-at-6.51.45-AM-1.jpeg",868,1156,false],"2048x2048":["https:\/\/radioparquecde.com\/wp-content\/uploads\/2022\/07\/WhatsApp-Image-2022-07-21-at-6.51.45-AM-1.jpeg",868,1156,false],"newsphere-slider-full":["https:\/\/radioparquecde.com\/wp-content\/uploads\/2022\/07\/WhatsApp-Image-2022-07-21-at-6.51.45-AM-1-868x720.jpeg",868,720,true],"newsphere-featured":["https:\/\/radioparquecde.com\/wp-content\/uploads\/2022\/07\/WhatsApp-Image-2022-07-21-at-6.51.45-AM-1.jpeg",868,1156,false],"newsphere-medium":["https:\/\/radioparquecde.com\/wp-content\/uploads\/2022\/07\/WhatsApp-Image-2022-07-21-at-6.51.45-AM-1-720x380.jpeg",720,380,true]},"author_info":{"display_name":"Editor","author_link":"https:\/\/radioparquecde.com\/index.php\/author\/editor\/"},"category_info":"<a href=\"https:\/\/radioparquecde.com\/index.php\/category\/alto-parana\/\" rel=\"category tag\">ALTO PARAN\u00c1<\/a> <a href=\"https:\/\/radioparquecde.com\/index.php\/category\/noticias\/\" rel=\"category tag\">Noticias<\/a>","tag_info":"Noticias","comment_count":"0","_links":{"self":[{"href":"https:\/\/radioparquecde.com\/index.php\/wp-json\/wp\/v2\/posts\/3913","targetHints":{"allow":["GET"]}}],"collection":[{"href":"https:\/\/radioparquecde.com\/index.php\/wp-json\/wp\/v2\/posts"}],"about":[{"href":"https:\/\/radioparquecde.com\/index.php\/wp-json\/wp\/v2\/types\/post"}],"author":[{"embeddable":true,"href":"https:\/\/radioparquecde.com\/index.php\/wp-json\/wp\/v2\/users\/3"}],"replies":[{"embeddable":true,"href":"https:\/\/radioparquecde.com\/index.php\/wp-json\/wp\/v2\/comments?post=3913"}],"version-history":[{"count":1,"href":"https:\/\/radioparquecde.com\/index.php\/wp-json\/wp\/v2\/posts\/3913\/revisions"}],"predecessor-version":[{"id":3917,"href":"https:\/\/radioparquecde.com\/index.php\/wp-json\/wp\/v2\/posts\/3913\/revisions\/3917"}],"wp:featuredmedia":[{"embeddable":true,"href":"https:\/\/radioparquecde.com\/index.php\/wp-json\/wp\/v2\/media\/3916"}],"wp:attachment":[{"href":"https:\/\/radioparquecde.com\/index.php\/wp-json\/wp\/v2\/media?parent=3913"}],"wp:term":[{"taxonomy":"category","embeddable":true,"href":"https:\/\/radioparquecde.com\/index.php\/wp-json\/wp\/v2\/categories?post=3913"},{"taxonomy":"post_tag","embeddable":true,"href":"https:\/\/radioparquecde.com\/index.php\/wp-json\/wp\/v2\/tags?post=3913"}],"curies":[{"name":"wp","href":"https:\/\/api.w.org\/{rel}","templated":true}]}}