{"id":3956,"date":"2022-07-25T08:24:41","date_gmt":"2022-07-25T12:24:41","guid":{"rendered":"https:\/\/radioparquecde.com\/?p=3956"},"modified":"2022-07-25T08:37:11","modified_gmt":"2022-07-25T12:37:11","slug":"grupo-armado-libera-a-adolescente-tomado-como-rehen-en-itapua","status":"publish","type":"post","link":"https:\/\/radioparquecde.com\/index.php\/2022\/07\/25\/grupo-armado-libera-a-adolescente-tomado-como-rehen-en-itapua\/","title":{"rendered":"Grupo armado libera a adolescente tomado como reh\u00e9n en Itap\u00faa"},"content":{"rendered":"\n<p>El adolescente de 14 a\u00f1os que hace cuatro d\u00edas fue llevado a la fuerza por criminales fue liberado en la noche del domingo. Los supuestos autores fueron integrantes de la Uni\u00f3n del Pueblo Paraguayo (UPP).<\/p>\n\n\n\n<p>Luego de cuatro d\u00edas de estar en manos del grupo delictivo autodenominado Uni\u00f3n del Pueblo Paraguayo (UPP), en la zona de San Pedro del Paran\u00e1, Departamento de Itap\u00faa, fue liberado en la noche del domingo el menor de 14 a\u00f1os.<\/p>\n\n\n\n<figure class=\"wp-block-image size-full\"><img loading=\"lazy\" decoding=\"async\" width=\"500\" height=\"261\" src=\"https:\/\/radioparquecde.com\/wp-content\/uploads\/2022\/07\/5332936010641203684-2.jpg\" alt=\"\" class=\"wp-image-3961\" srcset=\"https:\/\/radioparquecde.com\/wp-content\/uploads\/2022\/07\/5332936010641203684-2.jpg 500w, https:\/\/radioparquecde.com\/wp-content\/uploads\/2022\/07\/5332936010641203684-2-300x157.jpg 300w\" sizes=\"auto, (max-width: 500px) 100vw, 500px\" \/><\/figure>\n\n\n\n<p>Los criminales irrumpieron el pasado 20 de julio en la vivienda del menor, ubicada en el asentamiento 12 de Julio. Los hombres estaban fuertemente armados y actuaron con mucha violencia.<\/p>\n\n\n\n<p>En aquella ocasi\u00f3n, los integrantes del grupo armado se llevaron G. 2.000.000 y en su huida secuestraron al adolescente. Tras cuatro d\u00edas de mantenerlo privado de su libertad, lo liberaron en la zona de Fleitas Cu\u00e9, en el mismo distrito de San Pedro del Paran\u00e1.<\/p>\n","protected":false},"excerpt":{"rendered":"<p>El adolescente de 14 a\u00f1os que hace cuatro d\u00edas fue llevado a la fuerza por&#8230;<\/p>\n","protected":false},"author":3,"featured_media":3962,"comment_status":"closed","ping_status":"closed","sticky":false,"template":"","format":"standard","meta":{"footnotes":""},"categories":[6,47],"tags":[],"class_list":["post-3956","post","type-post","status-publish","format-standard","has-post-thumbnail","hentry","category-noticias","category-sucesos"],"featured_image_urls":{"full":["https:\/\/radioparquecde.com\/wp-content\/uploads\/2022\/07\/5332936010641203684-3.jpg",500,261,false],"thumbnail":["https:\/\/radioparquecde.com\/wp-content\/uploads\/2022\/07\/5332936010641203684-3-150x150.jpg",150,150,true],"medium":["https:\/\/radioparquecde.com\/wp-content\/uploads\/2022\/07\/5332936010641203684-3-300x157.jpg",300,157,true],"medium_large":["https:\/\/radioparquecde.com\/wp-content\/uploads\/2022\/07\/5332936010641203684-3.jpg",500,261,false],"large":["https:\/\/radioparquecde.com\/wp-content\/uploads\/2022\/07\/5332936010641203684-3.jpg",500,261,false],"1536x1536":["https:\/\/radioparquecde.com\/wp-content\/uploads\/2022\/07\/5332936010641203684-3.jpg",500,261,false],"2048x2048":["https:\/\/radioparquecde.com\/wp-content\/uploads\/2022\/07\/5332936010641203684-3.jpg",500,261,false],"newsphere-slider-full":["https:\/\/radioparquecde.com\/wp-content\/uploads\/2022\/07\/5332936010641203684-3.jpg",500,261,false],"newsphere-featured":["https:\/\/radioparquecde.com\/wp-content\/uploads\/2022\/07\/5332936010641203684-3.jpg",500,261,false],"newsphere-medium":["https:\/\/radioparquecde.com\/wp-content\/uploads\/2022\/07\/5332936010641203684-3.jpg",500,261,false]},"author_info":{"display_name":"Editor","author_link":"https:\/\/radioparquecde.com\/index.php\/author\/editor\/"},"category_info":"<a href=\"https:\/\/radioparquecde.com\/index.php\/category\/noticias\/\" rel=\"category tag\">Noticias<\/a> <a href=\"https:\/\/radioparquecde.com\/index.php\/category\/sucesos\/\" rel=\"category tag\">SUCESOS<\/a>","tag_info":"SUCESOS","comment_count":"0","_links":{"self":[{"href":"https:\/\/radioparquecde.com\/index.php\/wp-json\/wp\/v2\/posts\/3956","targetHints":{"allow":["GET"]}}],"collection":[{"href":"https:\/\/radioparquecde.com\/index.php\/wp-json\/wp\/v2\/posts"}],"about":[{"href":"https:\/\/radioparquecde.com\/index.php\/wp-json\/wp\/v2\/types\/post"}],"author":[{"embeddable":true,"href":"https:\/\/radioparquecde.com\/index.php\/wp-json\/wp\/v2\/users\/3"}],"replies":[{"embeddable":true,"href":"https:\/\/radioparquecde.com\/index.php\/wp-json\/wp\/v2\/comments?post=3956"}],"version-history":[{"count":2,"href":"https:\/\/radioparquecde.com\/index.php\/wp-json\/wp\/v2\/posts\/3956\/revisions"}],"predecessor-version":[{"id":3963,"href":"https:\/\/radioparquecde.com\/index.php\/wp-json\/wp\/v2\/posts\/3956\/revisions\/3963"}],"wp:featuredmedia":[{"embeddable":true,"href":"https:\/\/radioparquecde.com\/index.php\/wp-json\/wp\/v2\/media\/3962"}],"wp:attachment":[{"href":"https:\/\/radioparquecde.com\/index.php\/wp-json\/wp\/v2\/media?parent=3956"}],"wp:term":[{"taxonomy":"category","embeddable":true,"href":"https:\/\/radioparquecde.com\/index.php\/wp-json\/wp\/v2\/categories?post=3956"},{"taxonomy":"post_tag","embeddable":true,"href":"https:\/\/radioparquecde.com\/index.php\/wp-json\/wp\/v2\/tags?post=3956"}],"curies":[{"name":"wp","href":"https:\/\/api.w.org\/{rel}","templated":true}]}}