{"id":3979,"date":"2022-07-26T07:41:23","date_gmt":"2022-07-26T11:41:23","guid":{"rendered":"https:\/\/radioparquecde.com\/?p=3979"},"modified":"2022-07-26T07:43:00","modified_gmt":"2022-07-26T11:43:00","slug":"pastor-narco-ingresa-libremente-al-pais-a-pesar-de-tener-orden-de-captura","status":"publish","type":"post","link":"https:\/\/radioparquecde.com\/index.php\/2022\/07\/26\/pastor-narco-ingresa-libremente-al-pais-a-pesar-de-tener-orden-de-captura\/","title":{"rendered":"Pastor narco ingresa libremente al pa\u00eds, a pesar de tener orden de captura"},"content":{"rendered":"\n<figure class=\"wp-block-image size-full\"><img loading=\"lazy\" decoding=\"async\" width=\"1002\" height=\"756\" src=\"https:\/\/radioparquecde.com\/wp-content\/uploads\/2022\/07\/image.png\" alt=\"\" class=\"wp-image-3981\" srcset=\"https:\/\/radioparquecde.com\/wp-content\/uploads\/2022\/07\/image.png 1002w, https:\/\/radioparquecde.com\/wp-content\/uploads\/2022\/07\/image-300x226.png 300w, https:\/\/radioparquecde.com\/wp-content\/uploads\/2022\/07\/image-768x579.png 768w\" sizes=\"auto, (max-width: 1002px) 100vw, 1002px\" \/><\/figure>\n\n\n\n<p>La directora de Migraciones, \u00c1ngeles Arriola, mencion\u00f3 que, de acuerdo con los registros que posee la instituci\u00f3n a su cargo, la entrada del pastor Jos\u00e9 Insfr\u00e1n se registr\u00f3 el pasado 8 de julio de 2022.<\/p>\n\n\n\n<p>El pastor de la iglesia Centro de Avivamiento de Curuguaty y ex precandidato a la Gobernaci\u00f3n de Canindey\u00fa tiene una orden de detenci\u00f3n en el marco del Operativo A Ultranza.<\/p>\n\n\n\n<p>El hombre est\u00e1 ligado a un esquema que funciona en Asunci\u00f3n y Santan\u00ed para el lavado de dinero proveniente del narcotr\u00e1fico.<\/p>\n\n\n\n<p>La titular de la Direcci\u00f3n General de Migraciones indic\u00f3 que una funcionaria, cuyo nombre no brind\u00f3, fue apartada de su cargo tras detectarse que se permiti\u00f3 el ingreso del pr\u00f3fugo omitiendo una alerta en el sistema inform\u00e1tico de la instituci\u00f3n.<\/p>\n\n\n\n<p>En otro momento, la titular de Migraciones explic\u00f3 que la entrada del sindicado como pastor narco al territorio nacional se identific\u00f3 luego de que el Ministerio P\u00fablico solicit\u00f3 informaci\u00f3n al respecto por segunda vez.<\/p>\n\n\n\n<p>Jos\u00e9 Insfr\u00e1n habr\u00eda utilizado como fachada a la iglesia para la compra de varios inmuebles. En sus primeros pasos integr\u00f3 listas de la ANR en Mariano Roque Alonso y en 2019 mud\u00f3 su voto a Curuguaty, donde erigi\u00f3 un lujoso templo.<\/p>\n\n\n\n<p>Seg\u00fan las investigaciones, el pastor fugitivo, junto a su hermana Yolanda Insfr\u00e1n, tambi\u00e9n con paradero desconocido, conformaron un bloque dedicado al blanqueo de capitales.<\/p>\n","protected":false},"excerpt":{"rendered":"<p>La directora de Migraciones, \u00c1ngeles Arriola, mencion\u00f3 que, de acuerdo con los registros que posee&#8230;<\/p>\n","protected":false},"author":3,"featured_media":0,"comment_status":"closed","ping_status":"closed","sticky":false,"template":"","format":"standard","meta":{"footnotes":""},"categories":[20],"tags":[],"class_list":["post-3979","post","type-post","status-publish","format-standard","hentry","category-nacionales"],"featured_image_urls":{"full":"","thumbnail":"","medium":"","medium_large":"","large":"","1536x1536":"","2048x2048":"","newsphere-slider-full":"","newsphere-featured":"","newsphere-medium":""},"author_info":{"display_name":"Editor","author_link":"https:\/\/radioparquecde.com\/index.php\/author\/editor\/"},"category_info":"<a href=\"https:\/\/radioparquecde.com\/index.php\/category\/noticias\/nacionales\/\" rel=\"category tag\">Nacionales<\/a>","tag_info":"Nacionales","comment_count":"0","_links":{"self":[{"href":"https:\/\/radioparquecde.com\/index.php\/wp-json\/wp\/v2\/posts\/3979","targetHints":{"allow":["GET"]}}],"collection":[{"href":"https:\/\/radioparquecde.com\/index.php\/wp-json\/wp\/v2\/posts"}],"about":[{"href":"https:\/\/radioparquecde.com\/index.php\/wp-json\/wp\/v2\/types\/post"}],"author":[{"embeddable":true,"href":"https:\/\/radioparquecde.com\/index.php\/wp-json\/wp\/v2\/users\/3"}],"replies":[{"embeddable":true,"href":"https:\/\/radioparquecde.com\/index.php\/wp-json\/wp\/v2\/comments?post=3979"}],"version-history":[{"count":1,"href":"https:\/\/radioparquecde.com\/index.php\/wp-json\/wp\/v2\/posts\/3979\/revisions"}],"predecessor-version":[{"id":3982,"href":"https:\/\/radioparquecde.com\/index.php\/wp-json\/wp\/v2\/posts\/3979\/revisions\/3982"}],"wp:attachment":[{"href":"https:\/\/radioparquecde.com\/index.php\/wp-json\/wp\/v2\/media?parent=3979"}],"wp:term":[{"taxonomy":"category","embeddable":true,"href":"https:\/\/radioparquecde.com\/index.php\/wp-json\/wp\/v2\/categories?post=3979"},{"taxonomy":"post_tag","embeddable":true,"href":"https:\/\/radioparquecde.com\/index.php\/wp-json\/wp\/v2\/tags?post=3979"}],"curies":[{"name":"wp","href":"https:\/\/api.w.org\/{rel}","templated":true}]}}