{"id":4023,"date":"2022-07-27T07:59:50","date_gmt":"2022-07-27T11:59:50","guid":{"rendered":"https:\/\/radioparquecde.com\/?p=4023"},"modified":"2022-07-27T07:59:52","modified_gmt":"2022-07-27T11:59:52","slug":"inhumano-atada-y-desnutrida-nina-es-rescatada-de-su-madre","status":"publish","type":"post","link":"https:\/\/radioparquecde.com\/index.php\/2022\/07\/27\/inhumano-atada-y-desnutrida-nina-es-rescatada-de-su-madre\/","title":{"rendered":"Inhumano: atada y desnutrida, ni\u00f1a es rescatada de su madre"},"content":{"rendered":"\n<p>Una ni\u00f1a de 13 a\u00f1os fue rescatada de su casa donde permanec\u00eda atada. La peque\u00f1a estaba desnutrida y lesiones en las piernas. Este terrible episodio fue en la zona de Villa del Rosario, departamento de San Pedro.<\/p>\n\n\n\n<figure class=\"wp-block-image size-full\"><img loading=\"lazy\" decoding=\"async\" width=\"1016\" height=\"758\" src=\"https:\/\/radioparquecde.com\/wp-content\/uploads\/2022\/07\/1ad93276-1c44-4e0b-ad24-e7009c855561.jpg\" alt=\"\" class=\"wp-image-4025\" srcset=\"https:\/\/radioparquecde.com\/wp-content\/uploads\/2022\/07\/1ad93276-1c44-4e0b-ad24-e7009c855561.jpg 1016w, https:\/\/radioparquecde.com\/wp-content\/uploads\/2022\/07\/1ad93276-1c44-4e0b-ad24-e7009c855561-300x224.jpg 300w, https:\/\/radioparquecde.com\/wp-content\/uploads\/2022\/07\/1ad93276-1c44-4e0b-ad24-e7009c855561-768x573.jpg 768w\" sizes=\"auto, (max-width: 1016px) 100vw, 1016px\" \/><\/figure>\n\n\n\n<p>El Suboficial Principal Tranquilino Flecha, jefe de la Comisar\u00eda 13 de Villa del Rosario-San Pedro, relat\u00f3 que tomaron intervenci\u00f3n en el caso de la menor que fue descubierta buscando comida en una vivienda ubicada en el barrio Inmaculada de dicha ciudad.<\/p>\n\n\n\n<p>Seg\u00fan el informe, una vecina, de nombre Paola, dio aviso a las autoridades en la madrugada de hoy luego de encontrar a la ni\u00f1a de apenas 13 a\u00f1os de edad husmeando en su cocina.<\/p>\n\n\n\n<p>Coment\u00f3 que la CODENI se constituy\u00f3 hasta la vivienda de la vecina que hab\u00eda recibido a la nena con el fin de retirarla y luego poder hacer la entrega a su progenitora. El caso se encuentra en manos del fiscal Carlos Cabrera, quien podr\u00eda imputar a la madre por el hecho punible de falta al deber del cuidado.<\/p>\n","protected":false},"excerpt":{"rendered":"<p>Una ni\u00f1a de 13 a\u00f1os fue rescatada de su casa donde permanec\u00eda atada. La peque\u00f1a&#8230;<\/p>\n","protected":false},"author":3,"featured_media":4026,"comment_status":"closed","ping_status":"closed","sticky":false,"template":"","format":"standard","meta":{"footnotes":""},"categories":[2,6],"tags":[],"class_list":["post-4023","post","type-post","status-publish","format-standard","has-post-thumbnail","hentry","category-destacadas","category-noticias"],"featured_image_urls":{"full":["https:\/\/radioparquecde.com\/wp-content\/uploads\/2022\/07\/1ad93276-1c44-4e0b-ad24-e7009c855561-1.jpg",1016,758,false],"thumbnail":["https:\/\/radioparquecde.com\/wp-content\/uploads\/2022\/07\/1ad93276-1c44-4e0b-ad24-e7009c855561-1-150x150.jpg",150,150,true],"medium":["https:\/\/radioparquecde.com\/wp-content\/uploads\/2022\/07\/1ad93276-1c44-4e0b-ad24-e7009c855561-1-300x224.jpg",300,224,true],"medium_large":["https:\/\/radioparquecde.com\/wp-content\/uploads\/2022\/07\/1ad93276-1c44-4e0b-ad24-e7009c855561-1-768x573.jpg",640,478,true],"large":["https:\/\/radioparquecde.com\/wp-content\/uploads\/2022\/07\/1ad93276-1c44-4e0b-ad24-e7009c855561-1.jpg",640,477,false],"1536x1536":["https:\/\/radioparquecde.com\/wp-content\/uploads\/2022\/07\/1ad93276-1c44-4e0b-ad24-e7009c855561-1.jpg",1016,758,false],"2048x2048":["https:\/\/radioparquecde.com\/wp-content\/uploads\/2022\/07\/1ad93276-1c44-4e0b-ad24-e7009c855561-1.jpg",1016,758,false],"newsphere-slider-full":["https:\/\/radioparquecde.com\/wp-content\/uploads\/2022\/07\/1ad93276-1c44-4e0b-ad24-e7009c855561-1-1016x720.jpg",1016,720,true],"newsphere-featured":["https:\/\/radioparquecde.com\/wp-content\/uploads\/2022\/07\/1ad93276-1c44-4e0b-ad24-e7009c855561-1.jpg",1016,758,false],"newsphere-medium":["https:\/\/radioparquecde.com\/wp-content\/uploads\/2022\/07\/1ad93276-1c44-4e0b-ad24-e7009c855561-1-720x380.jpg",720,380,true]},"author_info":{"display_name":"Editor","author_link":"https:\/\/radioparquecde.com\/index.php\/author\/editor\/"},"category_info":"<a href=\"https:\/\/radioparquecde.com\/index.php\/category\/noticias\/destacadas\/\" rel=\"category tag\">Destacadas<\/a> <a href=\"https:\/\/radioparquecde.com\/index.php\/category\/noticias\/\" rel=\"category tag\">Noticias<\/a>","tag_info":"Noticias","comment_count":"0","_links":{"self":[{"href":"https:\/\/radioparquecde.com\/index.php\/wp-json\/wp\/v2\/posts\/4023","targetHints":{"allow":["GET"]}}],"collection":[{"href":"https:\/\/radioparquecde.com\/index.php\/wp-json\/wp\/v2\/posts"}],"about":[{"href":"https:\/\/radioparquecde.com\/index.php\/wp-json\/wp\/v2\/types\/post"}],"author":[{"embeddable":true,"href":"https:\/\/radioparquecde.com\/index.php\/wp-json\/wp\/v2\/users\/3"}],"replies":[{"embeddable":true,"href":"https:\/\/radioparquecde.com\/index.php\/wp-json\/wp\/v2\/comments?post=4023"}],"version-history":[{"count":1,"href":"https:\/\/radioparquecde.com\/index.php\/wp-json\/wp\/v2\/posts\/4023\/revisions"}],"predecessor-version":[{"id":4027,"href":"https:\/\/radioparquecde.com\/index.php\/wp-json\/wp\/v2\/posts\/4023\/revisions\/4027"}],"wp:featuredmedia":[{"embeddable":true,"href":"https:\/\/radioparquecde.com\/index.php\/wp-json\/wp\/v2\/media\/4026"}],"wp:attachment":[{"href":"https:\/\/radioparquecde.com\/index.php\/wp-json\/wp\/v2\/media?parent=4023"}],"wp:term":[{"taxonomy":"category","embeddable":true,"href":"https:\/\/radioparquecde.com\/index.php\/wp-json\/wp\/v2\/categories?post=4023"},{"taxonomy":"post_tag","embeddable":true,"href":"https:\/\/radioparquecde.com\/index.php\/wp-json\/wp\/v2\/tags?post=4023"}],"curies":[{"name":"wp","href":"https:\/\/api.w.org\/{rel}","templated":true}]}}