{"id":4048,"date":"2022-07-27T09:38:22","date_gmt":"2022-07-27T13:38:22","guid":{"rendered":"https:\/\/radioparquecde.com\/?p=4048"},"modified":"2022-07-27T09:38:24","modified_gmt":"2022-07-27T13:38:24","slug":"detienen-a-alias-chili-uno-de-los-sospechosos-del-asesinato-de-exdirector-de-tacumbu","status":"publish","type":"post","link":"https:\/\/radioparquecde.com\/index.php\/2022\/07\/27\/detienen-a-alias-chili-uno-de-los-sospechosos-del-asesinato-de-exdirector-de-tacumbu\/","title":{"rendered":"Detienen a alias \u201cChili\u201d, uno de los sospechosos del asesinato de exdirector de Tacumb\u00fa"},"content":{"rendered":"\n<p>Los fiscales Pamela P\u00e9rez y Andr\u00e9s Arriola encabezaron varios allanamientos en busca de los autos materiales del asesinato del exdirector de Tacumb\u00fa, \u00d3scar Daniel Olmedo. Fue en la zona Roberto L Pettit. En una de ellas, ingresaron a una bodega denominada \u201cEl Berraco\u201d y el propietario ten\u00eda el apodo el \u201cChili\u201d, todos con los nombres de la serie Pablo Escobar. El hombre fue detenido, con antecedente por robo agravado, ya compurgado.<\/p>\n\n\n\n<figure class=\"wp-block-image size-full\"><img loading=\"lazy\" decoding=\"async\" width=\"1024\" height=\"768\" src=\"https:\/\/radioparquecde.com\/wp-content\/uploads\/2022\/07\/FYqxM5zXwAEjGS9.jpg\" alt=\"\" class=\"wp-image-4050\" srcset=\"https:\/\/radioparquecde.com\/wp-content\/uploads\/2022\/07\/FYqxM5zXwAEjGS9.jpg 1024w, https:\/\/radioparquecde.com\/wp-content\/uploads\/2022\/07\/FYqxM5zXwAEjGS9-300x225.jpg 300w, https:\/\/radioparquecde.com\/wp-content\/uploads\/2022\/07\/FYqxM5zXwAEjGS9-768x576.jpg 768w\" sizes=\"auto, (max-width: 1024px) 100vw, 1024px\" \/><\/figure>\n\n\n\n<p>Conforme al trabajo de inteligencia de investigaci\u00f3n y seguimiento de la Polic\u00eda Nacional, uno de ellos ser\u00eda el encargado de la log\u00edstica, alias \u201cEl Chili\u201d y las otras dos pr\u00f3fugas ser\u00edan los conductores de la moto y el autor material del sicariato contra el ex director de la penitenciar\u00eda. Se incaut\u00f3 un arma de fuego 9mm con serie borrada, proyectiles de alto calibre, armas largas, escopetas, motocicletas, vestimentas, tel\u00e9fonos celulares. Todos ser\u00e1n peritados.&nbsp;<\/p>\n","protected":false},"excerpt":{"rendered":"<p>Los fiscales Pamela P\u00e9rez y Andr\u00e9s Arriola encabezaron varios allanamientos en busca de los autos&#8230;<\/p>\n","protected":false},"author":3,"featured_media":4051,"comment_status":"closed","ping_status":"closed","sticky":false,"template":"","format":"standard","meta":{"footnotes":""},"categories":[48,2,6],"tags":[],"class_list":["post-4048","post","type-post","status-publish","format-standard","has-post-thumbnail","hentry","category-alto-parana","category-destacadas","category-noticias"],"featured_image_urls":{"full":["https:\/\/radioparquecde.com\/wp-content\/uploads\/2022\/07\/FYqxM5zXwAEjGS9-1.jpg",1024,768,false],"thumbnail":["https:\/\/radioparquecde.com\/wp-content\/uploads\/2022\/07\/FYqxM5zXwAEjGS9-1-150x150.jpg",150,150,true],"medium":["https:\/\/radioparquecde.com\/wp-content\/uploads\/2022\/07\/FYqxM5zXwAEjGS9-1-300x225.jpg",300,225,true],"medium_large":["https:\/\/radioparquecde.com\/wp-content\/uploads\/2022\/07\/FYqxM5zXwAEjGS9-1-768x576.jpg",640,480,true],"large":["https:\/\/radioparquecde.com\/wp-content\/uploads\/2022\/07\/FYqxM5zXwAEjGS9-1.jpg",640,480,false],"1536x1536":["https:\/\/radioparquecde.com\/wp-content\/uploads\/2022\/07\/FYqxM5zXwAEjGS9-1.jpg",1024,768,false],"2048x2048":["https:\/\/radioparquecde.com\/wp-content\/uploads\/2022\/07\/FYqxM5zXwAEjGS9-1.jpg",1024,768,false],"newsphere-slider-full":["https:\/\/radioparquecde.com\/wp-content\/uploads\/2022\/07\/FYqxM5zXwAEjGS9-1-1024x720.jpg",1024,720,true],"newsphere-featured":["https:\/\/radioparquecde.com\/wp-content\/uploads\/2022\/07\/FYqxM5zXwAEjGS9-1.jpg",1024,768,false],"newsphere-medium":["https:\/\/radioparquecde.com\/wp-content\/uploads\/2022\/07\/FYqxM5zXwAEjGS9-1-720x380.jpg",720,380,true]},"author_info":{"display_name":"Editor","author_link":"https:\/\/radioparquecde.com\/index.php\/author\/editor\/"},"category_info":"<a href=\"https:\/\/radioparquecde.com\/index.php\/category\/alto-parana\/\" rel=\"category tag\">ALTO PARAN\u00c1<\/a> <a href=\"https:\/\/radioparquecde.com\/index.php\/category\/noticias\/destacadas\/\" rel=\"category tag\">Destacadas<\/a> <a href=\"https:\/\/radioparquecde.com\/index.php\/category\/noticias\/\" rel=\"category tag\">Noticias<\/a>","tag_info":"Noticias","comment_count":"0","_links":{"self":[{"href":"https:\/\/radioparquecde.com\/index.php\/wp-json\/wp\/v2\/posts\/4048","targetHints":{"allow":["GET"]}}],"collection":[{"href":"https:\/\/radioparquecde.com\/index.php\/wp-json\/wp\/v2\/posts"}],"about":[{"href":"https:\/\/radioparquecde.com\/index.php\/wp-json\/wp\/v2\/types\/post"}],"author":[{"embeddable":true,"href":"https:\/\/radioparquecde.com\/index.php\/wp-json\/wp\/v2\/users\/3"}],"replies":[{"embeddable":true,"href":"https:\/\/radioparquecde.com\/index.php\/wp-json\/wp\/v2\/comments?post=4048"}],"version-history":[{"count":1,"href":"https:\/\/radioparquecde.com\/index.php\/wp-json\/wp\/v2\/posts\/4048\/revisions"}],"predecessor-version":[{"id":4052,"href":"https:\/\/radioparquecde.com\/index.php\/wp-json\/wp\/v2\/posts\/4048\/revisions\/4052"}],"wp:featuredmedia":[{"embeddable":true,"href":"https:\/\/radioparquecde.com\/index.php\/wp-json\/wp\/v2\/media\/4051"}],"wp:attachment":[{"href":"https:\/\/radioparquecde.com\/index.php\/wp-json\/wp\/v2\/media?parent=4048"}],"wp:term":[{"taxonomy":"category","embeddable":true,"href":"https:\/\/radioparquecde.com\/index.php\/wp-json\/wp\/v2\/categories?post=4048"},{"taxonomy":"post_tag","embeddable":true,"href":"https:\/\/radioparquecde.com\/index.php\/wp-json\/wp\/v2\/tags?post=4048"}],"curies":[{"name":"wp","href":"https:\/\/api.w.org\/{rel}","templated":true}]}}