{"id":4147,"date":"2022-08-02T08:51:40","date_gmt":"2022-08-02T12:51:40","guid":{"rendered":"https:\/\/radioparquecde.com\/?p=4147"},"modified":"2022-08-02T08:51:42","modified_gmt":"2022-08-02T12:51:42","slug":"encuentran-muerto-a-un-estudiante-brasileno-dentro-de-su-vehiculo","status":"publish","type":"post","link":"https:\/\/radioparquecde.com\/index.php\/2022\/08\/02\/encuentran-muerto-a-un-estudiante-brasileno-dentro-de-su-vehiculo\/","title":{"rendered":"Encuentran muerto a un estudiante brasile\u00f1o dentro de su veh\u00edculo"},"content":{"rendered":"\n<p><strong>El jefe de la comisar\u00eda 10\u00b0 de Mariano Roque Alonso, Emilio Alfonso, indic\u00f3 que hallaron sin vida a un estudiante brasile\u00f1o dentro de su veh\u00edculo en el Barrio San Blas de dicha localidad. Mencion\u00f3 que tuvo una muerte natural (infarto agudo), seg\u00fan los m\u00e9dicos forenses, el rodado estaba en la v\u00eda p\u00fablica desde el s\u00e1bado.<\/strong><\/p>\n\n\n\n<p>El jefe policial dijo que vecinos alertaron de que hab\u00eda un rodado detenido hace bastante tiempo, los compa\u00f1eros preocupados tras no saber nada hicieron lo mismo, el fallecido fue identificado como Kemuell Erik de Sousa. Presumen que mezcl\u00f3 sustancias prohibidas y bebidas alcoh\u00f3licas para ingerir antes de su muerte.<\/p>\n\n\n\n<p>\u201cNos avisaron los vecinos de que hab\u00eda una persona fallecida, activamos el protocolo y llamamos a personal de Criminal\u00edstica. \u201cTen\u00eda problemas de salud aparentemente, la m\u00e9dica forense dijo que su muerte fue natural (infarto)\u201d, se\u00f1al\u00f3.<\/p>\n\n\n\n<p>\u201cTiene 36 a\u00f1os el estudiante, presumimos que a ra\u00edz de una mezcla de bebida alcoh\u00f3lica y sustancias prohibidas lo que deriv\u00f3 fallecimiento. Estaba dentro de su veh\u00edculo, hasta el s\u00e1bado tuvo comunicaci\u00f3n con sus compa\u00f1eros, quienes se preocuparon de que no sab\u00edan nada de \u00e9l\u201d, coment\u00f3&#8230;<\/p>\n\n\n\n<figure class=\"wp-block-image size-full\"><img loading=\"lazy\" decoding=\"async\" width=\"770\" height=\"486\" src=\"https:\/\/radioparquecde.com\/wp-content\/uploads\/2022\/08\/Muerte-de-brasileno.jpeg\" alt=\"\" class=\"wp-image-4149\" srcset=\"https:\/\/radioparquecde.com\/wp-content\/uploads\/2022\/08\/Muerte-de-brasileno.jpeg 770w, https:\/\/radioparquecde.com\/wp-content\/uploads\/2022\/08\/Muerte-de-brasileno-300x189.jpeg 300w, https:\/\/radioparquecde.com\/wp-content\/uploads\/2022\/08\/Muerte-de-brasileno-768x485.jpeg 768w\" sizes=\"auto, (max-width: 770px) 100vw, 770px\" \/><\/figure>\n","protected":false},"excerpt":{"rendered":"<p>El jefe de la comisar\u00eda 10\u00b0 de Mariano Roque Alonso, Emilio Alfonso, indic\u00f3 que hallaron&#8230;<\/p>\n","protected":false},"author":3,"featured_media":4149,"comment_status":"closed","ping_status":"closed","sticky":false,"template":"","format":"standard","meta":{"footnotes":""},"categories":[2,6],"tags":[],"class_list":["post-4147","post","type-post","status-publish","format-standard","has-post-thumbnail","hentry","category-destacadas","category-noticias"],"featured_image_urls":{"full":["https:\/\/radioparquecde.com\/wp-content\/uploads\/2022\/08\/Muerte-de-brasileno.jpeg",770,486,false],"thumbnail":["https:\/\/radioparquecde.com\/wp-content\/uploads\/2022\/08\/Muerte-de-brasileno-150x150.jpeg",150,150,true],"medium":["https:\/\/radioparquecde.com\/wp-content\/uploads\/2022\/08\/Muerte-de-brasileno-300x189.jpeg",300,189,true],"medium_large":["https:\/\/radioparquecde.com\/wp-content\/uploads\/2022\/08\/Muerte-de-brasileno-768x485.jpeg",640,404,true],"large":["https:\/\/radioparquecde.com\/wp-content\/uploads\/2022\/08\/Muerte-de-brasileno.jpeg",640,404,false],"1536x1536":["https:\/\/radioparquecde.com\/wp-content\/uploads\/2022\/08\/Muerte-de-brasileno.jpeg",770,486,false],"2048x2048":["https:\/\/radioparquecde.com\/wp-content\/uploads\/2022\/08\/Muerte-de-brasileno.jpeg",770,486,false],"newsphere-slider-full":["https:\/\/radioparquecde.com\/wp-content\/uploads\/2022\/08\/Muerte-de-brasileno.jpeg",770,486,false],"newsphere-featured":["https:\/\/radioparquecde.com\/wp-content\/uploads\/2022\/08\/Muerte-de-brasileno.jpeg",770,486,false],"newsphere-medium":["https:\/\/radioparquecde.com\/wp-content\/uploads\/2022\/08\/Muerte-de-brasileno-720x380.jpeg",720,380,true]},"author_info":{"display_name":"Editor","author_link":"https:\/\/radioparquecde.com\/index.php\/author\/editor\/"},"category_info":"<a href=\"https:\/\/radioparquecde.com\/index.php\/category\/noticias\/destacadas\/\" rel=\"category tag\">Destacadas<\/a> <a href=\"https:\/\/radioparquecde.com\/index.php\/category\/noticias\/\" rel=\"category tag\">Noticias<\/a>","tag_info":"Noticias","comment_count":"0","_links":{"self":[{"href":"https:\/\/radioparquecde.com\/index.php\/wp-json\/wp\/v2\/posts\/4147","targetHints":{"allow":["GET"]}}],"collection":[{"href":"https:\/\/radioparquecde.com\/index.php\/wp-json\/wp\/v2\/posts"}],"about":[{"href":"https:\/\/radioparquecde.com\/index.php\/wp-json\/wp\/v2\/types\/post"}],"author":[{"embeddable":true,"href":"https:\/\/radioparquecde.com\/index.php\/wp-json\/wp\/v2\/users\/3"}],"replies":[{"embeddable":true,"href":"https:\/\/radioparquecde.com\/index.php\/wp-json\/wp\/v2\/comments?post=4147"}],"version-history":[{"count":1,"href":"https:\/\/radioparquecde.com\/index.php\/wp-json\/wp\/v2\/posts\/4147\/revisions"}],"predecessor-version":[{"id":4150,"href":"https:\/\/radioparquecde.com\/index.php\/wp-json\/wp\/v2\/posts\/4147\/revisions\/4150"}],"wp:featuredmedia":[{"embeddable":true,"href":"https:\/\/radioparquecde.com\/index.php\/wp-json\/wp\/v2\/media\/4149"}],"wp:attachment":[{"href":"https:\/\/radioparquecde.com\/index.php\/wp-json\/wp\/v2\/media?parent=4147"}],"wp:term":[{"taxonomy":"category","embeddable":true,"href":"https:\/\/radioparquecde.com\/index.php\/wp-json\/wp\/v2\/categories?post=4147"},{"taxonomy":"post_tag","embeddable":true,"href":"https:\/\/radioparquecde.com\/index.php\/wp-json\/wp\/v2\/tags?post=4147"}],"curies":[{"name":"wp","href":"https:\/\/api.w.org\/{rel}","templated":true}]}}