{"id":4151,"date":"2022-08-02T08:56:37","date_gmt":"2022-08-02T12:56:37","guid":{"rendered":"https:\/\/radioparquecde.com\/?p=4151"},"modified":"2022-08-02T08:56:39","modified_gmt":"2022-08-02T12:56:39","slug":"identifican-cadaver-hallado-en-hernandarias","status":"publish","type":"post","link":"https:\/\/radioparquecde.com\/index.php\/2022\/08\/02\/identifican-cadaver-hallado-en-hernandarias\/","title":{"rendered":"Identifican cad\u00e1ver hallado en Hernandarias"},"content":{"rendered":"\n<p>El cad\u00e1ver de un hombre fue encontrado ayer, alrededor de las 10:00, al costado de un camino que conduce a un silo, situado en el barrio Santa Rosa de Hernandarias. Intervinieron agentes de la comisar\u00eda 24\u00aa y de Criminal\u00edstica de la Polic\u00eda Nacional, quienes informaron que probablemente el sujeto fue arrojado en el sitio.<\/p>\n\n\n\n<p>Se trata de Gustavo Daniel Rodas Ib\u00e1\u00f1ez, de 24 a\u00f1os, encontrado desnudo. El m\u00e9dico forense del Ministerio P\u00fablico, Mart\u00edn Alfaro, mencion\u00f3 que llevaba aproximadamente 48 a 78 horas de muerto. A\u00f1adi\u00f3 que no posee rastros visibles de violencia ni herida alguna. Sin embargo, se tomaron muestras de sangre para realizar los an\u00e1lisis de laboratorio correspondientes.<\/p>\n\n\n\n<p>La mam\u00e1 del joven, identificada como Irene Rodas Ib\u00e1\u00f1ez, refiri\u00f3 que su hijo era adicto a las drogas y desde hace tiempo se encontraba en situaci\u00f3n de calle.<\/p>\n\n\n\n<figure class=\"wp-block-image size-large\"><img loading=\"lazy\" decoding=\"async\" width=\"1024\" height=\"575\" src=\"https:\/\/radioparquecde.com\/wp-content\/uploads\/2022\/08\/PAG-13-B-1024x575.jpg\" alt=\"\" class=\"wp-image-4153\" srcset=\"https:\/\/radioparquecde.com\/wp-content\/uploads\/2022\/08\/PAG-13-B-1024x575.jpg 1024w, https:\/\/radioparquecde.com\/wp-content\/uploads\/2022\/08\/PAG-13-B-300x169.jpg 300w, https:\/\/radioparquecde.com\/wp-content\/uploads\/2022\/08\/PAG-13-B-768x432.jpg 768w, https:\/\/radioparquecde.com\/wp-content\/uploads\/2022\/08\/PAG-13-B-1536x863.jpg 1536w, https:\/\/radioparquecde.com\/wp-content\/uploads\/2022\/08\/PAG-13-B-1280x720.jpg 1280w, https:\/\/radioparquecde.com\/wp-content\/uploads\/2022\/08\/PAG-13-B.jpg 1575w\" sizes=\"auto, (max-width: 1024px) 100vw, 1024px\" \/><\/figure>\n","protected":false},"excerpt":{"rendered":"<p>El cad\u00e1ver de un hombre fue encontrado ayer, alrededor de las 10:00, al costado de&#8230;<\/p>\n","protected":false},"author":3,"featured_media":4153,"comment_status":"closed","ping_status":"closed","sticky":false,"template":"","format":"standard","meta":{"footnotes":""},"categories":[48,6],"tags":[],"class_list":["post-4151","post","type-post","status-publish","format-standard","has-post-thumbnail","hentry","category-alto-parana","category-noticias"],"featured_image_urls":{"full":["https:\/\/radioparquecde.com\/wp-content\/uploads\/2022\/08\/PAG-13-B.jpg",1575,885,false],"thumbnail":["https:\/\/radioparquecde.com\/wp-content\/uploads\/2022\/08\/PAG-13-B-150x150.jpg",150,150,true],"medium":["https:\/\/radioparquecde.com\/wp-content\/uploads\/2022\/08\/PAG-13-B-300x169.jpg",300,169,true],"medium_large":["https:\/\/radioparquecde.com\/wp-content\/uploads\/2022\/08\/PAG-13-B-768x432.jpg",640,360,true],"large":["https:\/\/radioparquecde.com\/wp-content\/uploads\/2022\/08\/PAG-13-B-1024x575.jpg",640,359,true],"1536x1536":["https:\/\/radioparquecde.com\/wp-content\/uploads\/2022\/08\/PAG-13-B-1536x863.jpg",1536,863,true],"2048x2048":["https:\/\/radioparquecde.com\/wp-content\/uploads\/2022\/08\/PAG-13-B.jpg",1575,885,false],"newsphere-slider-full":["https:\/\/radioparquecde.com\/wp-content\/uploads\/2022\/08\/PAG-13-B-1280x720.jpg",1280,720,true],"newsphere-featured":["https:\/\/radioparquecde.com\/wp-content\/uploads\/2022\/08\/PAG-13-B-1024x575.jpg",1024,575,true],"newsphere-medium":["https:\/\/radioparquecde.com\/wp-content\/uploads\/2022\/08\/PAG-13-B-720x380.jpg",720,380,true]},"author_info":{"display_name":"Editor","author_link":"https:\/\/radioparquecde.com\/index.php\/author\/editor\/"},"category_info":"<a href=\"https:\/\/radioparquecde.com\/index.php\/category\/alto-parana\/\" rel=\"category tag\">ALTO PARAN\u00c1<\/a> <a href=\"https:\/\/radioparquecde.com\/index.php\/category\/noticias\/\" rel=\"category tag\">Noticias<\/a>","tag_info":"Noticias","comment_count":"0","_links":{"self":[{"href":"https:\/\/radioparquecde.com\/index.php\/wp-json\/wp\/v2\/posts\/4151","targetHints":{"allow":["GET"]}}],"collection":[{"href":"https:\/\/radioparquecde.com\/index.php\/wp-json\/wp\/v2\/posts"}],"about":[{"href":"https:\/\/radioparquecde.com\/index.php\/wp-json\/wp\/v2\/types\/post"}],"author":[{"embeddable":true,"href":"https:\/\/radioparquecde.com\/index.php\/wp-json\/wp\/v2\/users\/3"}],"replies":[{"embeddable":true,"href":"https:\/\/radioparquecde.com\/index.php\/wp-json\/wp\/v2\/comments?post=4151"}],"version-history":[{"count":1,"href":"https:\/\/radioparquecde.com\/index.php\/wp-json\/wp\/v2\/posts\/4151\/revisions"}],"predecessor-version":[{"id":4154,"href":"https:\/\/radioparquecde.com\/index.php\/wp-json\/wp\/v2\/posts\/4151\/revisions\/4154"}],"wp:featuredmedia":[{"embeddable":true,"href":"https:\/\/radioparquecde.com\/index.php\/wp-json\/wp\/v2\/media\/4153"}],"wp:attachment":[{"href":"https:\/\/radioparquecde.com\/index.php\/wp-json\/wp\/v2\/media?parent=4151"}],"wp:term":[{"taxonomy":"category","embeddable":true,"href":"https:\/\/radioparquecde.com\/index.php\/wp-json\/wp\/v2\/categories?post=4151"},{"taxonomy":"post_tag","embeddable":true,"href":"https:\/\/radioparquecde.com\/index.php\/wp-json\/wp\/v2\/tags?post=4151"}],"curies":[{"name":"wp","href":"https:\/\/api.w.org\/{rel}","templated":true}]}}