{"id":4166,"date":"2022-08-03T08:16:54","date_gmt":"2022-08-03T12:16:54","guid":{"rendered":"https:\/\/radioparquecde.com\/?p=4166"},"modified":"2022-08-03T08:17:47","modified_gmt":"2022-08-03T12:17:47","slug":"4166","status":"publish","type":"post","link":"https:\/\/radioparquecde.com\/index.php\/2022\/08\/03\/4166\/","title":{"rendered":"Hoy se define la suerte de los usuarios del transporte p\u00fablico en Ciudad del Este"},"content":{"rendered":"\n<p>Ayer, luego de una reuni\u00f3n en la Junta Municipal con los integrantes de la Asociaci\u00f3n de Empresas del Transporte P\u00fablico de Ciudad del Este (Asetrapace), resolvieron dejar en cuarto intermedio el paro de actividades que iniciaron el lunes. Hay promesa de los concejales de tratar hoy en la sesi\u00f3n ordinaria el pedido de aumento del pasaje a G. 5.000.<\/p>\n\n\n\n<p>Con esta determinaci\u00f3n, los este\u00f1os sabr\u00e1n si son representados por sus autoridades o si se mueven de acuerdo a los intereses de los empresarios. Los propios usuarios del transporte p\u00fablico indicaron que el servicio que ofrecen no se compadece para pedir un aumentopor el pasaje urbano.<\/p>\n\n\n\n<p>Sin embargo, los empresarios alegan los sucesivos aumentos del precio del combustible y que las dem\u00e1s l\u00edneas interurbanas ya han aumentado el precio del pasaje al monto que reclaman. En la capital departamental, el precio del pasaje urbano es de G. 3.500 y a mediados del mes de julio la corporaci\u00f3n legislativa hab\u00eda rechazado el pedido de los transportistas de aumento del precio de pasaje, por la serie de irregularidades verificadas en el servicio del transporte p\u00fablico.<\/p>\n\n\n\n<p>Los usuarios fueron los m\u00e1s golpeados con el paro de las empresas de transporte p\u00fablico, ya que tuvieron que pagar a transportes alternativos, mototaxis o usar unidades interurbanas para dejarlos en los tramos m\u00e1s cercanos a sus domicilios. Las quejas de ellos son precisamente por el p\u00e9simo estado de los buses, el incumplimiento de frecuencia e itinerarios y otras irregularidades que por a\u00f1os se vienen repitiendo.<\/p>\n\n\n\n<figure class=\"wp-block-image size-large\"><img loading=\"lazy\" decoding=\"async\" width=\"1024\" height=\"577\" src=\"https:\/\/radioparquecde.com\/wp-content\/uploads\/2022\/08\/PAG-4-A-3-1024x577.jpg\" alt=\"\" class=\"wp-image-4168\" srcset=\"https:\/\/radioparquecde.com\/wp-content\/uploads\/2022\/08\/PAG-4-A-3-1024x577.jpg 1024w, https:\/\/radioparquecde.com\/wp-content\/uploads\/2022\/08\/PAG-4-A-3-300x169.jpg 300w, https:\/\/radioparquecde.com\/wp-content\/uploads\/2022\/08\/PAG-4-A-3-768x433.jpg 768w, https:\/\/radioparquecde.com\/wp-content\/uploads\/2022\/08\/PAG-4-A-3-1536x865.jpg 1536w, https:\/\/radioparquecde.com\/wp-content\/uploads\/2022\/08\/PAG-4-A-3-1280x720.jpg 1280w, https:\/\/radioparquecde.com\/wp-content\/uploads\/2022\/08\/PAG-4-A-3.jpg 1575w\" sizes=\"auto, (max-width: 1024px) 100vw, 1024px\" \/><\/figure>\n","protected":false},"excerpt":{"rendered":"<p>Ayer, luego de una reuni\u00f3n en la Junta Municipal con los integrantes de la Asociaci\u00f3n&#8230;<\/p>\n","protected":false},"author":3,"featured_media":4168,"comment_status":"closed","ping_status":"closed","sticky":false,"template":"","format":"standard","meta":{"footnotes":""},"categories":[48,6],"tags":[],"class_list":["post-4166","post","type-post","status-publish","format-standard","has-post-thumbnail","hentry","category-alto-parana","category-noticias"],"featured_image_urls":{"full":["https:\/\/radioparquecde.com\/wp-content\/uploads\/2022\/08\/PAG-4-A-3.jpg",1575,887,false],"thumbnail":["https:\/\/radioparquecde.com\/wp-content\/uploads\/2022\/08\/PAG-4-A-3-150x150.jpg",150,150,true],"medium":["https:\/\/radioparquecde.com\/wp-content\/uploads\/2022\/08\/PAG-4-A-3-300x169.jpg",300,169,true],"medium_large":["https:\/\/radioparquecde.com\/wp-content\/uploads\/2022\/08\/PAG-4-A-3-768x433.jpg",640,361,true],"large":["https:\/\/radioparquecde.com\/wp-content\/uploads\/2022\/08\/PAG-4-A-3-1024x577.jpg",640,361,true],"1536x1536":["https:\/\/radioparquecde.com\/wp-content\/uploads\/2022\/08\/PAG-4-A-3-1536x865.jpg",1536,865,true],"2048x2048":["https:\/\/radioparquecde.com\/wp-content\/uploads\/2022\/08\/PAG-4-A-3.jpg",1575,887,false],"newsphere-slider-full":["https:\/\/radioparquecde.com\/wp-content\/uploads\/2022\/08\/PAG-4-A-3-1280x720.jpg",1280,720,true],"newsphere-featured":["https:\/\/radioparquecde.com\/wp-content\/uploads\/2022\/08\/PAG-4-A-3-1024x577.jpg",1024,577,true],"newsphere-medium":["https:\/\/radioparquecde.com\/wp-content\/uploads\/2022\/08\/PAG-4-A-3-720x380.jpg",720,380,true]},"author_info":{"display_name":"Editor","author_link":"https:\/\/radioparquecde.com\/index.php\/author\/editor\/"},"category_info":"<a href=\"https:\/\/radioparquecde.com\/index.php\/category\/alto-parana\/\" rel=\"category tag\">ALTO PARAN\u00c1<\/a> <a href=\"https:\/\/radioparquecde.com\/index.php\/category\/noticias\/\" rel=\"category tag\">Noticias<\/a>","tag_info":"Noticias","comment_count":"0","_links":{"self":[{"href":"https:\/\/radioparquecde.com\/index.php\/wp-json\/wp\/v2\/posts\/4166","targetHints":{"allow":["GET"]}}],"collection":[{"href":"https:\/\/radioparquecde.com\/index.php\/wp-json\/wp\/v2\/posts"}],"about":[{"href":"https:\/\/radioparquecde.com\/index.php\/wp-json\/wp\/v2\/types\/post"}],"author":[{"embeddable":true,"href":"https:\/\/radioparquecde.com\/index.php\/wp-json\/wp\/v2\/users\/3"}],"replies":[{"embeddable":true,"href":"https:\/\/radioparquecde.com\/index.php\/wp-json\/wp\/v2\/comments?post=4166"}],"version-history":[{"count":2,"href":"https:\/\/radioparquecde.com\/index.php\/wp-json\/wp\/v2\/posts\/4166\/revisions"}],"predecessor-version":[{"id":4170,"href":"https:\/\/radioparquecde.com\/index.php\/wp-json\/wp\/v2\/posts\/4166\/revisions\/4170"}],"wp:featuredmedia":[{"embeddable":true,"href":"https:\/\/radioparquecde.com\/index.php\/wp-json\/wp\/v2\/media\/4168"}],"wp:attachment":[{"href":"https:\/\/radioparquecde.com\/index.php\/wp-json\/wp\/v2\/media?parent=4166"}],"wp:term":[{"taxonomy":"category","embeddable":true,"href":"https:\/\/radioparquecde.com\/index.php\/wp-json\/wp\/v2\/categories?post=4166"},{"taxonomy":"post_tag","embeddable":true,"href":"https:\/\/radioparquecde.com\/index.php\/wp-json\/wp\/v2\/tags?post=4166"}],"curies":[{"name":"wp","href":"https:\/\/api.w.org\/{rel}","templated":true}]}}