{"id":4190,"date":"2022-08-04T08:28:20","date_gmt":"2022-08-04T12:28:20","guid":{"rendered":"https:\/\/radioparquecde.com\/?p=4190"},"modified":"2022-08-04T08:28:22","modified_gmt":"2022-08-04T12:28:22","slug":"militar-jubilado-mata-a-su-esposa-y-luego-se-suicida","status":"publish","type":"post","link":"https:\/\/radioparquecde.com\/index.php\/2022\/08\/04\/militar-jubilado-mata-a-su-esposa-y-luego-se-suicida\/","title":{"rendered":"Militar jubilado mata a su esposa y luego se suicida"},"content":{"rendered":"\n<p>El Comisario Principal Jorge Pi\u00f1\u00e1nez, jefe de la Comisar\u00eda 3\u00aa Central, inform\u00f3 detalles sobre un nuevo caso de feminicidio acontecido ayer en el Cuarto Barrio de la ciudad de Luque. Relat\u00f3 que un militar en situaci\u00f3n de retiro, identificado como Ricardo Meza Gaona de 55 a\u00f1os, asesin\u00f3 a su pareja, Mar\u00eda Librada Bogado de Meza, de 35 a\u00f1os, de dos impactos de bala a la altura del t\u00f3rax.<\/p>\n\n\n\n<p>Indic\u00f3 que el hombre posteriormente se dirigi\u00f3 a unas calles cerca de la zona y se suicid\u00f3. El autor del crimen fue auxiliado y trasladado hasta el Hospital General del distrito d\u00f3nde se constat\u00f3 su deceso.<\/p>\n\n\n\n<p>Mencion\u00f3 que la v\u00edctima ten\u00eda dos hijos, un adolescente de 16 a\u00f1os y una ni\u00f1a de 6 a\u00f1os. Agreg\u00f3 que disparar contra la mujer, el hombre se comunic\u00f3 con el adolescente quien estaba en el colegio, y le dijo que acuda a auxiliar a su mam\u00e1, mientras el hombre sali\u00f3 de la casa y unas cuadras despu\u00e9s se autoelimin\u00f3.<\/p>\n\n\n\n<p>El jefe policial indic\u00f3 que no exist\u00eda denuncia alguna de la mujer contra su pareja por violencia. Resalt\u00f3 que revisando la base de datos, se encontr\u00f3 que fue el hombre quien hab\u00eda presentado una denuncia contra su esposa por agresi\u00f3n y otros actos.<audio src=\"https:\/\/www.1000noticias.com.py\/wp-content\/uploads\/2022\/08\/01-JORGE-PINANEZ-feminicidio-y-posterior-suicidio-en-Luque.mp3\"><\/audio><\/p>\n\n\n\n<figure class=\"wp-block-image size-large\"><img loading=\"lazy\" decoding=\"async\" width=\"1024\" height=\"768\" src=\"https:\/\/radioparquecde.com\/wp-content\/uploads\/2022\/08\/Feminicidio-y-posterior-suicidio-en-Luque-03-08-2022-1024x768.jpg\" alt=\"\" class=\"wp-image-4192\" srcset=\"https:\/\/radioparquecde.com\/wp-content\/uploads\/2022\/08\/Feminicidio-y-posterior-suicidio-en-Luque-03-08-2022-1024x768.jpg 1024w, https:\/\/radioparquecde.com\/wp-content\/uploads\/2022\/08\/Feminicidio-y-posterior-suicidio-en-Luque-03-08-2022-300x225.jpg 300w, https:\/\/radioparquecde.com\/wp-content\/uploads\/2022\/08\/Feminicidio-y-posterior-suicidio-en-Luque-03-08-2022-768x576.jpg 768w, https:\/\/radioparquecde.com\/wp-content\/uploads\/2022\/08\/Feminicidio-y-posterior-suicidio-en-Luque-03-08-2022-1536x1152.jpg 1536w, https:\/\/radioparquecde.com\/wp-content\/uploads\/2022\/08\/Feminicidio-y-posterior-suicidio-en-Luque-03-08-2022.jpg 1600w\" sizes=\"auto, (max-width: 1024px) 100vw, 1024px\" \/><\/figure>\n","protected":false},"excerpt":{"rendered":"<p>El Comisario Principal Jorge Pi\u00f1\u00e1nez, jefe de la Comisar\u00eda 3\u00aa Central, inform\u00f3 detalles sobre un&#8230;<\/p>\n","protected":false},"author":3,"featured_media":4192,"comment_status":"closed","ping_status":"closed","sticky":false,"template":"","format":"standard","meta":{"footnotes":""},"categories":[6,47],"tags":[],"class_list":["post-4190","post","type-post","status-publish","format-standard","has-post-thumbnail","hentry","category-noticias","category-sucesos"],"featured_image_urls":{"full":["https:\/\/radioparquecde.com\/wp-content\/uploads\/2022\/08\/Feminicidio-y-posterior-suicidio-en-Luque-03-08-2022.jpg",1600,1200,false],"thumbnail":["https:\/\/radioparquecde.com\/wp-content\/uploads\/2022\/08\/Feminicidio-y-posterior-suicidio-en-Luque-03-08-2022-150x150.jpg",150,150,true],"medium":["https:\/\/radioparquecde.com\/wp-content\/uploads\/2022\/08\/Feminicidio-y-posterior-suicidio-en-Luque-03-08-2022-300x225.jpg",300,225,true],"medium_large":["https:\/\/radioparquecde.com\/wp-content\/uploads\/2022\/08\/Feminicidio-y-posterior-suicidio-en-Luque-03-08-2022-768x576.jpg",640,480,true],"large":["https:\/\/radioparquecde.com\/wp-content\/uploads\/2022\/08\/Feminicidio-y-posterior-suicidio-en-Luque-03-08-2022-1024x768.jpg",640,480,true],"1536x1536":["https:\/\/radioparquecde.com\/wp-content\/uploads\/2022\/08\/Feminicidio-y-posterior-suicidio-en-Luque-03-08-2022-1536x1152.jpg",1536,1152,true],"2048x2048":["https:\/\/radioparquecde.com\/wp-content\/uploads\/2022\/08\/Feminicidio-y-posterior-suicidio-en-Luque-03-08-2022.jpg",1600,1200,false],"newsphere-slider-full":["https:\/\/radioparquecde.com\/wp-content\/uploads\/2022\/08\/Feminicidio-y-posterior-suicidio-en-Luque-03-08-2022-1280x720.jpg",1280,720,true],"newsphere-featured":["https:\/\/radioparquecde.com\/wp-content\/uploads\/2022\/08\/Feminicidio-y-posterior-suicidio-en-Luque-03-08-2022-1024x768.jpg",1024,768,true],"newsphere-medium":["https:\/\/radioparquecde.com\/wp-content\/uploads\/2022\/08\/Feminicidio-y-posterior-suicidio-en-Luque-03-08-2022-720x380.jpg",720,380,true]},"author_info":{"display_name":"Editor","author_link":"https:\/\/radioparquecde.com\/index.php\/author\/editor\/"},"category_info":"<a href=\"https:\/\/radioparquecde.com\/index.php\/category\/noticias\/\" rel=\"category tag\">Noticias<\/a> <a href=\"https:\/\/radioparquecde.com\/index.php\/category\/sucesos\/\" rel=\"category tag\">SUCESOS<\/a>","tag_info":"SUCESOS","comment_count":"0","_links":{"self":[{"href":"https:\/\/radioparquecde.com\/index.php\/wp-json\/wp\/v2\/posts\/4190","targetHints":{"allow":["GET"]}}],"collection":[{"href":"https:\/\/radioparquecde.com\/index.php\/wp-json\/wp\/v2\/posts"}],"about":[{"href":"https:\/\/radioparquecde.com\/index.php\/wp-json\/wp\/v2\/types\/post"}],"author":[{"embeddable":true,"href":"https:\/\/radioparquecde.com\/index.php\/wp-json\/wp\/v2\/users\/3"}],"replies":[{"embeddable":true,"href":"https:\/\/radioparquecde.com\/index.php\/wp-json\/wp\/v2\/comments?post=4190"}],"version-history":[{"count":1,"href":"https:\/\/radioparquecde.com\/index.php\/wp-json\/wp\/v2\/posts\/4190\/revisions"}],"predecessor-version":[{"id":4193,"href":"https:\/\/radioparquecde.com\/index.php\/wp-json\/wp\/v2\/posts\/4190\/revisions\/4193"}],"wp:featuredmedia":[{"embeddable":true,"href":"https:\/\/radioparquecde.com\/index.php\/wp-json\/wp\/v2\/media\/4192"}],"wp:attachment":[{"href":"https:\/\/radioparquecde.com\/index.php\/wp-json\/wp\/v2\/media?parent=4190"}],"wp:term":[{"taxonomy":"category","embeddable":true,"href":"https:\/\/radioparquecde.com\/index.php\/wp-json\/wp\/v2\/categories?post=4190"},{"taxonomy":"post_tag","embeddable":true,"href":"https:\/\/radioparquecde.com\/index.php\/wp-json\/wp\/v2\/tags?post=4190"}],"curies":[{"name":"wp","href":"https:\/\/api.w.org\/{rel}","templated":true}]}}