{"id":4222,"date":"2022-08-04T16:13:59","date_gmt":"2022-08-04T20:13:59","guid":{"rendered":"https:\/\/radioparquecde.com\/?p=4222"},"modified":"2022-08-04T16:14:01","modified_gmt":"2022-08-04T20:14:01","slug":"presunto-homicida-se-presenta-ante-la-justicia-en-franco","status":"publish","type":"post","link":"https:\/\/radioparquecde.com\/index.php\/2022\/08\/04\/presunto-homicida-se-presenta-ante-la-justicia-en-franco\/","title":{"rendered":"Presunto homicida se presenta ante la Justicia en Franco"},"content":{"rendered":"\n<p>Un hombre sindicado de asesinar a su vecino en una ronda de tragos en Presidente Franco se present\u00f3 ante la justicia. Fue en compa\u00f1\u00eda de su abogada para ponerse a disposici\u00f3n.<\/p>\n\n\n\n<p>Se trata de C\u00e9sar Del Pilar Medina Mauro (56), domiciliado en el barrio Fray Luis de Bola\u00f1os, quien se present\u00f3 ante la comisar\u00eda sexta esta ma\u00f1ana, a las 10:40 horas en alrededor con su abogada Julia Ferreira.<\/p>\n\n\n\n<p>Medina pose\u00eda orden de captura por homicidio doloso, firmado por la fiscal Viviana S\u00e1nchez.<\/p>\n\n\n\n<p>Seg\u00fan las pesquisas, el suceso habr\u00eda ocurrido el jueves 28 de julio, aproximadamente a las 21:30, en el barrio San Jos\u00e9 Obrero, de Pdte. Franco, en plena v\u00eda p\u00fablica, frente a una hamburgueser\u00eda.<\/p>\n\n\n\n<p>En la ocasi\u00f3n, se habr\u00eda producido un altercado entre el ahora procesado y la v\u00edctima identificada como Walter Ferreira, lo cual deriv\u00f3 en que Del Pilar Medina le propine una estocada en el pecho, provocando el deceso de Ferreira.<\/p>\n\n\n\n<p>La representante del Ministerio P\u00fablico, declar\u00f3 la Rebeld\u00eda del encausado, quien se tras varios d\u00edas de estar pr\u00f3fugo, se present\u00f3 ante la Justicia.<\/p>\n\n\n\n<figure class=\"wp-block-image size-large\"><img loading=\"lazy\" decoding=\"async\" width=\"768\" height=\"1024\" src=\"https:\/\/radioparquecde.com\/wp-content\/uploads\/2022\/08\/IMG-20220804-WA0159-768x1024.jpg\" alt=\"\" class=\"wp-image-4224\" srcset=\"https:\/\/radioparquecde.com\/wp-content\/uploads\/2022\/08\/IMG-20220804-WA0159-768x1024.jpg 768w, https:\/\/radioparquecde.com\/wp-content\/uploads\/2022\/08\/IMG-20220804-WA0159-225x300.jpg 225w, https:\/\/radioparquecde.com\/wp-content\/uploads\/2022\/08\/IMG-20220804-WA0159-1152x1536.jpg 1152w, https:\/\/radioparquecde.com\/wp-content\/uploads\/2022\/08\/IMG-20220804-WA0159-1024x1365.jpg 1024w, https:\/\/radioparquecde.com\/wp-content\/uploads\/2022\/08\/IMG-20220804-WA0159.jpg 1200w\" sizes=\"auto, (max-width: 768px) 100vw, 768px\" \/><\/figure>\n","protected":false},"excerpt":{"rendered":"<p>Un hombre sindicado de asesinar a su vecino en una ronda de tragos en Presidente&#8230;<\/p>\n","protected":false},"author":3,"featured_media":4224,"comment_status":"closed","ping_status":"closed","sticky":false,"template":"","format":"standard","meta":{"footnotes":""},"categories":[48,47],"tags":[],"class_list":["post-4222","post","type-post","status-publish","format-standard","has-post-thumbnail","hentry","category-alto-parana","category-sucesos"],"featured_image_urls":{"full":["https:\/\/radioparquecde.com\/wp-content\/uploads\/2022\/08\/IMG-20220804-WA0159.jpg",1200,1600,false],"thumbnail":["https:\/\/radioparquecde.com\/wp-content\/uploads\/2022\/08\/IMG-20220804-WA0159-150x150.jpg",150,150,true],"medium":["https:\/\/radioparquecde.com\/wp-content\/uploads\/2022\/08\/IMG-20220804-WA0159-225x300.jpg",225,300,true],"medium_large":["https:\/\/radioparquecde.com\/wp-content\/uploads\/2022\/08\/IMG-20220804-WA0159-768x1024.jpg",640,853,true],"large":["https:\/\/radioparquecde.com\/wp-content\/uploads\/2022\/08\/IMG-20220804-WA0159-768x1024.jpg",640,853,true],"1536x1536":["https:\/\/radioparquecde.com\/wp-content\/uploads\/2022\/08\/IMG-20220804-WA0159-1152x1536.jpg",1152,1536,true],"2048x2048":["https:\/\/radioparquecde.com\/wp-content\/uploads\/2022\/08\/IMG-20220804-WA0159.jpg",1200,1600,false],"newsphere-slider-full":["https:\/\/radioparquecde.com\/wp-content\/uploads\/2022\/08\/IMG-20220804-WA0159-1200x720.jpg",1200,720,true],"newsphere-featured":["https:\/\/radioparquecde.com\/wp-content\/uploads\/2022\/08\/IMG-20220804-WA0159-1024x1365.jpg",1024,1365,true],"newsphere-medium":["https:\/\/radioparquecde.com\/wp-content\/uploads\/2022\/08\/IMG-20220804-WA0159-720x380.jpg",720,380,true]},"author_info":{"display_name":"Editor","author_link":"https:\/\/radioparquecde.com\/index.php\/author\/editor\/"},"category_info":"<a href=\"https:\/\/radioparquecde.com\/index.php\/category\/alto-parana\/\" rel=\"category tag\">ALTO PARAN\u00c1<\/a> <a href=\"https:\/\/radioparquecde.com\/index.php\/category\/sucesos\/\" rel=\"category tag\">SUCESOS<\/a>","tag_info":"SUCESOS","comment_count":"0","_links":{"self":[{"href":"https:\/\/radioparquecde.com\/index.php\/wp-json\/wp\/v2\/posts\/4222","targetHints":{"allow":["GET"]}}],"collection":[{"href":"https:\/\/radioparquecde.com\/index.php\/wp-json\/wp\/v2\/posts"}],"about":[{"href":"https:\/\/radioparquecde.com\/index.php\/wp-json\/wp\/v2\/types\/post"}],"author":[{"embeddable":true,"href":"https:\/\/radioparquecde.com\/index.php\/wp-json\/wp\/v2\/users\/3"}],"replies":[{"embeddable":true,"href":"https:\/\/radioparquecde.com\/index.php\/wp-json\/wp\/v2\/comments?post=4222"}],"version-history":[{"count":1,"href":"https:\/\/radioparquecde.com\/index.php\/wp-json\/wp\/v2\/posts\/4222\/revisions"}],"predecessor-version":[{"id":4225,"href":"https:\/\/radioparquecde.com\/index.php\/wp-json\/wp\/v2\/posts\/4222\/revisions\/4225"}],"wp:featuredmedia":[{"embeddable":true,"href":"https:\/\/radioparquecde.com\/index.php\/wp-json\/wp\/v2\/media\/4224"}],"wp:attachment":[{"href":"https:\/\/radioparquecde.com\/index.php\/wp-json\/wp\/v2\/media?parent=4222"}],"wp:term":[{"taxonomy":"category","embeddable":true,"href":"https:\/\/radioparquecde.com\/index.php\/wp-json\/wp\/v2\/categories?post=4222"},{"taxonomy":"post_tag","embeddable":true,"href":"https:\/\/radioparquecde.com\/index.php\/wp-json\/wp\/v2\/tags?post=4222"}],"curies":[{"name":"wp","href":"https:\/\/api.w.org\/{rel}","templated":true}]}}