{"id":4291,"date":"2022-08-09T08:48:30","date_gmt":"2022-08-09T12:48:30","guid":{"rendered":"https:\/\/radioparquecde.com\/?p=4291"},"modified":"2022-08-09T08:48:32","modified_gmt":"2022-08-09T12:48:32","slug":"se-quemo-el-sacrificio-de-nuestras-vidas-lamentan-comerciantes-del-mercado-4","status":"publish","type":"post","link":"https:\/\/radioparquecde.com\/index.php\/2022\/08\/09\/se-quemo-el-sacrificio-de-nuestras-vidas-lamentan-comerciantes-del-mercado-4\/","title":{"rendered":"\u00abSe quem\u00f3 el sacrificio de nuestras vidas\u00bb, lamentan comerciantes del Mercado 4"},"content":{"rendered":"\n<p>Un ambiente de mucha tristeza se vive este martes en la zona donde se incendi\u00f3 un amplio tinglado ubicado en el Mercado 4. Varios comerciantes perdieron todas sus mercader\u00edas. Se estiman unas 1.000 personas afectadas.<\/p>\n\n\n\n<figure class=\"wp-block-image size-full\"><img loading=\"lazy\" decoding=\"async\" width=\"500\" height=\"261\" src=\"https:\/\/radioparquecde.com\/wp-content\/uploads\/2022\/08\/16732988609856565788.jpg\" alt=\"\" class=\"wp-image-4293\" srcset=\"https:\/\/radioparquecde.com\/wp-content\/uploads\/2022\/08\/16732988609856565788.jpg 500w, https:\/\/radioparquecde.com\/wp-content\/uploads\/2022\/08\/16732988609856565788-300x157.jpg 300w\" sizes=\"auto, (max-width: 500px) 100vw, 500px\" \/><\/figure>\n\n\n\n<p>La alarma del siniestro se dio alrededor de las 22:30 del lunes y las llamas r\u00e1pidamente se expandieron en los 6.000 m2 que ostenta el sitio. M\u00e1s de 200 bomberos voluntarios trabajaron arduamente para sofocar el siniestro.<\/p>\n\n\n\n<p>\u201cPerd\u00ed todo con mi suegro. Ten\u00edamos dos locales. Me avisaron del incendio a las 23:00, llegu\u00e9 r\u00e1pidamente, pero ya era imposible entrar. Ya se estaba consumiendo todo. Nadie pudo salvar nada\u201d, se lament\u00f3 uno de los comerciantes perjudicados.<\/p>\n\n\n\n<p>El hombre agreg\u00f3 que se trata de una p\u00e9rdida muy grande porque \u201cse quem\u00f3\u201d mucha inversi\u00f3n y varios a\u00f1os de sacrificio.<\/p>\n\n\n\n<p>Un ambiente de mucha desesperanza se vive durante la ma\u00f1ana de este martes en el sitio del siniestro. Comerciantes y trabajadores llegaron hasta el lugar y sin poder hacer nada solo atinaron a mirar el trabajo de los bomberos voluntarios.<\/p>\n","protected":false},"excerpt":{"rendered":"<p>Un ambiente de mucha tristeza se vive este martes en la zona donde se incendi\u00f3&#8230;<\/p>\n","protected":false},"author":3,"featured_media":4293,"comment_status":"closed","ping_status":"closed","sticky":false,"template":"","format":"standard","meta":{"footnotes":""},"categories":[2,6],"tags":[],"class_list":["post-4291","post","type-post","status-publish","format-standard","has-post-thumbnail","hentry","category-destacadas","category-noticias"],"featured_image_urls":{"full":["https:\/\/radioparquecde.com\/wp-content\/uploads\/2022\/08\/16732988609856565788.jpg",500,261,false],"thumbnail":["https:\/\/radioparquecde.com\/wp-content\/uploads\/2022\/08\/16732988609856565788-150x150.jpg",150,150,true],"medium":["https:\/\/radioparquecde.com\/wp-content\/uploads\/2022\/08\/16732988609856565788-300x157.jpg",300,157,true],"medium_large":["https:\/\/radioparquecde.com\/wp-content\/uploads\/2022\/08\/16732988609856565788.jpg",500,261,false],"large":["https:\/\/radioparquecde.com\/wp-content\/uploads\/2022\/08\/16732988609856565788.jpg",500,261,false],"1536x1536":["https:\/\/radioparquecde.com\/wp-content\/uploads\/2022\/08\/16732988609856565788.jpg",500,261,false],"2048x2048":["https:\/\/radioparquecde.com\/wp-content\/uploads\/2022\/08\/16732988609856565788.jpg",500,261,false],"newsphere-slider-full":["https:\/\/radioparquecde.com\/wp-content\/uploads\/2022\/08\/16732988609856565788.jpg",500,261,false],"newsphere-featured":["https:\/\/radioparquecde.com\/wp-content\/uploads\/2022\/08\/16732988609856565788.jpg",500,261,false],"newsphere-medium":["https:\/\/radioparquecde.com\/wp-content\/uploads\/2022\/08\/16732988609856565788.jpg",500,261,false]},"author_info":{"display_name":"Editor","author_link":"https:\/\/radioparquecde.com\/index.php\/author\/editor\/"},"category_info":"<a href=\"https:\/\/radioparquecde.com\/index.php\/category\/noticias\/destacadas\/\" rel=\"category tag\">Destacadas<\/a> <a href=\"https:\/\/radioparquecde.com\/index.php\/category\/noticias\/\" rel=\"category tag\">Noticias<\/a>","tag_info":"Noticias","comment_count":"0","_links":{"self":[{"href":"https:\/\/radioparquecde.com\/index.php\/wp-json\/wp\/v2\/posts\/4291","targetHints":{"allow":["GET"]}}],"collection":[{"href":"https:\/\/radioparquecde.com\/index.php\/wp-json\/wp\/v2\/posts"}],"about":[{"href":"https:\/\/radioparquecde.com\/index.php\/wp-json\/wp\/v2\/types\/post"}],"author":[{"embeddable":true,"href":"https:\/\/radioparquecde.com\/index.php\/wp-json\/wp\/v2\/users\/3"}],"replies":[{"embeddable":true,"href":"https:\/\/radioparquecde.com\/index.php\/wp-json\/wp\/v2\/comments?post=4291"}],"version-history":[{"count":1,"href":"https:\/\/radioparquecde.com\/index.php\/wp-json\/wp\/v2\/posts\/4291\/revisions"}],"predecessor-version":[{"id":4294,"href":"https:\/\/radioparquecde.com\/index.php\/wp-json\/wp\/v2\/posts\/4291\/revisions\/4294"}],"wp:featuredmedia":[{"embeddable":true,"href":"https:\/\/radioparquecde.com\/index.php\/wp-json\/wp\/v2\/media\/4293"}],"wp:attachment":[{"href":"https:\/\/radioparquecde.com\/index.php\/wp-json\/wp\/v2\/media?parent=4291"}],"wp:term":[{"taxonomy":"category","embeddable":true,"href":"https:\/\/radioparquecde.com\/index.php\/wp-json\/wp\/v2\/categories?post=4291"},{"taxonomy":"post_tag","embeddable":true,"href":"https:\/\/radioparquecde.com\/index.php\/wp-json\/wp\/v2\/tags?post=4291"}],"curies":[{"name":"wp","href":"https:\/\/api.w.org\/{rel}","templated":true}]}}