{"id":4299,"date":"2022-08-09T13:06:10","date_gmt":"2022-08-09T17:06:10","guid":{"rendered":"https:\/\/radioparquecde.com\/?p=4299"},"modified":"2022-08-09T13:06:11","modified_gmt":"2022-08-09T17:06:11","slug":"abdo-anuncia-reduccion-del-25-de-la-tarifa-de-la-ande-a-partir-de-septiembre","status":"publish","type":"post","link":"https:\/\/radioparquecde.com\/index.php\/2022\/08\/09\/abdo-anuncia-reduccion-del-25-de-la-tarifa-de-la-ande-a-partir-de-septiembre\/","title":{"rendered":"Abdo anuncia reducci\u00f3n del 25% de la tarifa de la ANDE, a partir de septiembre"},"content":{"rendered":"\n<p>El presidente Mario Abdo Ben\u00edtez anunci\u00f3 que Itaip\u00fa Binacional acord\u00f3 las bases presupuestarias con una tarifa intermedia de USD 20,75 por kW\/mes, luego de un proceso de di\u00e1logo y an\u00e1lisis de las propuestas de Paraguay y Brasil. La tarifa intermedia permitir\u00e1 ingresos estimados de USD 220 millones para cada pa\u00eds.<\/p>\n\n\n\n<figure class=\"wp-block-image size-full\"><img loading=\"lazy\" decoding=\"async\" width=\"1024\" height=\"670\" src=\"https:\/\/radioparquecde.com\/wp-content\/uploads\/2022\/08\/MARIO-ABDO-1024x670-1.jpg\" alt=\"\" class=\"wp-image-4301\" srcset=\"https:\/\/radioparquecde.com\/wp-content\/uploads\/2022\/08\/MARIO-ABDO-1024x670-1.jpg 1024w, https:\/\/radioparquecde.com\/wp-content\/uploads\/2022\/08\/MARIO-ABDO-1024x670-1-300x196.jpg 300w, https:\/\/radioparquecde.com\/wp-content\/uploads\/2022\/08\/MARIO-ABDO-1024x670-1-768x503.jpg 768w\" sizes=\"auto, (max-width: 1024px) 100vw, 1024px\" \/><\/figure>\n\n\n\n<p>\u201cSe escuch\u00f3 la postura de Paraguay. Desde septiembre vamos a poder hacer una reducci\u00f3n a alrededor de 1.105.000 de consumidores de la ANDE, teniendo en cuenta la situaci\u00f3n inflacionaria. Ser\u00e1 de 25% de la tarifa. El que paga 400 mil, va a pagar 100 mil menos\u201d, afirm\u00f3 el mandatario.<\/p>\n\n\n\n<p>El beneficio del descuentos del 25% en la factura de consumo de energ\u00eda, corresponde al 76% de los usuarios residenciales.&nbsp; Adem\u00e1s, 260 mil clientes seguir\u00e1n recibiendo el subsidio de entre 25% y 75% de la tarifa social. La medida regir\u00e1 de septiembre a diciembre.<\/p>\n","protected":false},"excerpt":{"rendered":"<p>El presidente Mario Abdo Ben\u00edtez anunci\u00f3 que Itaip\u00fa Binacional acord\u00f3 las bases presupuestarias con una&#8230;<\/p>\n","protected":false},"author":3,"featured_media":4302,"comment_status":"closed","ping_status":"closed","sticky":false,"template":"","format":"standard","meta":{"footnotes":""},"categories":[2,6],"tags":[],"class_list":["post-4299","post","type-post","status-publish","format-standard","has-post-thumbnail","hentry","category-destacadas","category-noticias"],"featured_image_urls":{"full":["https:\/\/radioparquecde.com\/wp-content\/uploads\/2022\/08\/MARIO-ABDO-1024x670-2.jpg",1024,670,false],"thumbnail":["https:\/\/radioparquecde.com\/wp-content\/uploads\/2022\/08\/MARIO-ABDO-1024x670-2-150x150.jpg",150,150,true],"medium":["https:\/\/radioparquecde.com\/wp-content\/uploads\/2022\/08\/MARIO-ABDO-1024x670-2-300x196.jpg",300,196,true],"medium_large":["https:\/\/radioparquecde.com\/wp-content\/uploads\/2022\/08\/MARIO-ABDO-1024x670-2-768x503.jpg",640,419,true],"large":["https:\/\/radioparquecde.com\/wp-content\/uploads\/2022\/08\/MARIO-ABDO-1024x670-2.jpg",640,419,false],"1536x1536":["https:\/\/radioparquecde.com\/wp-content\/uploads\/2022\/08\/MARIO-ABDO-1024x670-2.jpg",1024,670,false],"2048x2048":["https:\/\/radioparquecde.com\/wp-content\/uploads\/2022\/08\/MARIO-ABDO-1024x670-2.jpg",1024,670,false],"newsphere-slider-full":["https:\/\/radioparquecde.com\/wp-content\/uploads\/2022\/08\/MARIO-ABDO-1024x670-2.jpg",1024,670,false],"newsphere-featured":["https:\/\/radioparquecde.com\/wp-content\/uploads\/2022\/08\/MARIO-ABDO-1024x670-2.jpg",1024,670,false],"newsphere-medium":["https:\/\/radioparquecde.com\/wp-content\/uploads\/2022\/08\/MARIO-ABDO-1024x670-2-720x380.jpg",720,380,true]},"author_info":{"display_name":"Editor","author_link":"https:\/\/radioparquecde.com\/index.php\/author\/editor\/"},"category_info":"<a href=\"https:\/\/radioparquecde.com\/index.php\/category\/noticias\/destacadas\/\" rel=\"category tag\">Destacadas<\/a> <a href=\"https:\/\/radioparquecde.com\/index.php\/category\/noticias\/\" rel=\"category tag\">Noticias<\/a>","tag_info":"Noticias","comment_count":"0","_links":{"self":[{"href":"https:\/\/radioparquecde.com\/index.php\/wp-json\/wp\/v2\/posts\/4299","targetHints":{"allow":["GET"]}}],"collection":[{"href":"https:\/\/radioparquecde.com\/index.php\/wp-json\/wp\/v2\/posts"}],"about":[{"href":"https:\/\/radioparquecde.com\/index.php\/wp-json\/wp\/v2\/types\/post"}],"author":[{"embeddable":true,"href":"https:\/\/radioparquecde.com\/index.php\/wp-json\/wp\/v2\/users\/3"}],"replies":[{"embeddable":true,"href":"https:\/\/radioparquecde.com\/index.php\/wp-json\/wp\/v2\/comments?post=4299"}],"version-history":[{"count":1,"href":"https:\/\/radioparquecde.com\/index.php\/wp-json\/wp\/v2\/posts\/4299\/revisions"}],"predecessor-version":[{"id":4303,"href":"https:\/\/radioparquecde.com\/index.php\/wp-json\/wp\/v2\/posts\/4299\/revisions\/4303"}],"wp:featuredmedia":[{"embeddable":true,"href":"https:\/\/radioparquecde.com\/index.php\/wp-json\/wp\/v2\/media\/4302"}],"wp:attachment":[{"href":"https:\/\/radioparquecde.com\/index.php\/wp-json\/wp\/v2\/media?parent=4299"}],"wp:term":[{"taxonomy":"category","embeddable":true,"href":"https:\/\/radioparquecde.com\/index.php\/wp-json\/wp\/v2\/categories?post=4299"},{"taxonomy":"post_tag","embeddable":true,"href":"https:\/\/radioparquecde.com\/index.php\/wp-json\/wp\/v2\/tags?post=4299"}],"curies":[{"name":"wp","href":"https:\/\/api.w.org\/{rel}","templated":true}]}}