{"id":4319,"date":"2022-08-10T07:50:57","date_gmt":"2022-08-10T11:50:57","guid":{"rendered":"https:\/\/radioparquecde.com\/?p=4319"},"modified":"2022-08-10T07:50:59","modified_gmt":"2022-08-10T11:50:59","slug":"eligen-a-oswaldo-baez-como-gobernador-sustituto-y-a-wilberto-cabanas-titular-de-la-junta-departamental","status":"publish","type":"post","link":"https:\/\/radioparquecde.com\/index.php\/2022\/08\/10\/eligen-a-oswaldo-baez-como-gobernador-sustituto-y-a-wilberto-cabanas-titular-de-la-junta-departamental\/","title":{"rendered":"Eligen a Oswaldo B\u00e1ez como gobernador sustituto y a Wilberto Caba\u00f1as, titular de la Junta Departamental"},"content":{"rendered":"\n<p>Los concejales departamentales oficialistas del Alto Paran\u00e1 eligieron ayer a Oswaldo B\u00e1ez (ANR) como gobernador sustituto ante la eventual renuncia de Roberto Gonz\u00e1lez Vaesken (ANR-cartista) a la Gobernaci\u00f3n), quien es precandidato a la Senadur\u00eda. A su vez, previamente, conformaron la mesa directiva para el \u00faltimo a\u00f1o legislativo del per\u00edodo 2018-2023. Wilberto Caba\u00f1as (ANR) fue electo como nuevo presidente de la Junta Departamental y Aldo Torales (PLRA) como vicepresidente.<\/p>\n\n\n\n<p>Por una mayor\u00eda de la Junta Departamental, durante la sesi\u00f3n ordinaria convocada ayer, fue electo como gobernador sustituto Oswaldo B\u00e1ez.&nbsp; La iniciativa surgi\u00f3 de la concejal Luciana Porcionato (ANR), quien, mediante una nota, solicit\u00f3 a la plenaria la elecci\u00f3n de su colega B\u00e1ez.<\/p>\n\n\n\n<p>Porcionato aleg\u00f3 que es ante la posible renuncia del actual gobernador Roberto Gonz\u00e1lez Vaesken, precandidato al Senado, y la Gobernaci\u00f3n ya debe prever a un sustituto; dijo que en los medios de comunicaci\u00f3n ya se vaticina su renuncia. Sus colegas, en mayor\u00eda, estuvieron de acuerdo.<\/p>\n\n\n\n<p>En tanto que los opositores de las bancadas del PLRA, Patria Querida y Tekojoja objetaron la decisi\u00f3n, alegando que la figura de gobernador \u201csustituto\u201d no est\u00e1 contemplada en la Ley Org\u00e1nica ni en el C\u00f3digo Electoral.&nbsp; Adem\u00e1s, que no se pod\u00eda elegir ante especulaciones de posible renuncia del gobernador, sino una vez que presente su dimisi\u00f3n al cargo.<\/p>\n\n\n\n<figure class=\"wp-block-image size-large\"><img loading=\"lazy\" decoding=\"async\" width=\"1024\" height=\"616\" src=\"https:\/\/radioparquecde.com\/wp-content\/uploads\/2022\/08\/PAG-2-A-7-1024x616.jpg\" alt=\"\" class=\"wp-image-4321\" srcset=\"https:\/\/radioparquecde.com\/wp-content\/uploads\/2022\/08\/PAG-2-A-7-1024x616.jpg 1024w, https:\/\/radioparquecde.com\/wp-content\/uploads\/2022\/08\/PAG-2-A-7-300x181.jpg 300w, https:\/\/radioparquecde.com\/wp-content\/uploads\/2022\/08\/PAG-2-A-7-768x462.jpg 768w, https:\/\/radioparquecde.com\/wp-content\/uploads\/2022\/08\/PAG-2-A-7-1536x925.jpg 1536w, https:\/\/radioparquecde.com\/wp-content\/uploads\/2022\/08\/PAG-2-A-7-2048x1233.jpg 2048w\" sizes=\"auto, (max-width: 1024px) 100vw, 1024px\" \/><\/figure>\n\n\n\n<p>Tras un largo debate, finalmente, 11 ediles aprobaron la elecci\u00f3n de Oswaldo B\u00e1ez. Los colorados, Freddy Chamorro, Elvio Ben\u00edtez, Evaristo Morel, Amado Dom\u00ednguez, Gustavo Soria, Pedro Ad\u00e1n Ovelar, el liberal Aldo Torales y F\u00e1tima Ram\u00edrez de Cruzada Nacional dieron su voto para que B\u00e1ez sea el \u201csustituto\u201d de Gonz\u00e1lez Vaesken.<\/p>\n\n\n\n<p>En el 2017, Fernando Schuster Salinas (ANR) tambi\u00e9n fue elegido de manera anticipada como sustituto del exgobernador y actual diputado Justo Aricio Zacar\u00edas Ir\u00fan y complet\u00f3 el periodo hasta las elecciones electorales que llevaron a Gonz\u00e1lez Vaesken al cargo.<\/p>\n","protected":false},"excerpt":{"rendered":"<p>Los concejales departamentales oficialistas del Alto Paran\u00e1 eligieron ayer a Oswaldo B\u00e1ez (ANR) como gobernador&#8230;<\/p>\n","protected":false},"author":3,"featured_media":4322,"comment_status":"closed","ping_status":"closed","sticky":false,"template":"","format":"standard","meta":{"footnotes":""},"categories":[6,11],"tags":[],"class_list":["post-4319","post","type-post","status-publish","format-standard","has-post-thumbnail","hentry","category-noticias","category-politica"],"featured_image_urls":{"full":["https:\/\/radioparquecde.com\/wp-content\/uploads\/2022\/08\/PAG-2-A-7-1.jpg",2362,1422,false],"thumbnail":["https:\/\/radioparquecde.com\/wp-content\/uploads\/2022\/08\/PAG-2-A-7-1-150x150.jpg",150,150,true],"medium":["https:\/\/radioparquecde.com\/wp-content\/uploads\/2022\/08\/PAG-2-A-7-1-300x181.jpg",300,181,true],"medium_large":["https:\/\/radioparquecde.com\/wp-content\/uploads\/2022\/08\/PAG-2-A-7-1-768x462.jpg",640,385,true],"large":["https:\/\/radioparquecde.com\/wp-content\/uploads\/2022\/08\/PAG-2-A-7-1-1024x616.jpg",640,385,true],"1536x1536":["https:\/\/radioparquecde.com\/wp-content\/uploads\/2022\/08\/PAG-2-A-7-1-1536x925.jpg",1536,925,true],"2048x2048":["https:\/\/radioparquecde.com\/wp-content\/uploads\/2022\/08\/PAG-2-A-7-1-2048x1233.jpg",2048,1233,true],"newsphere-slider-full":["https:\/\/radioparquecde.com\/wp-content\/uploads\/2022\/08\/PAG-2-A-7-1-1280x720.jpg",1280,720,true],"newsphere-featured":["https:\/\/radioparquecde.com\/wp-content\/uploads\/2022\/08\/PAG-2-A-7-1-1024x616.jpg",1024,616,true],"newsphere-medium":["https:\/\/radioparquecde.com\/wp-content\/uploads\/2022\/08\/PAG-2-A-7-1-720x380.jpg",720,380,true]},"author_info":{"display_name":"Editor","author_link":"https:\/\/radioparquecde.com\/index.php\/author\/editor\/"},"category_info":"<a href=\"https:\/\/radioparquecde.com\/index.php\/category\/noticias\/\" rel=\"category tag\">Noticias<\/a> <a href=\"https:\/\/radioparquecde.com\/index.php\/category\/noticias\/politica\/\" rel=\"category tag\">Pol\u00edtica<\/a>","tag_info":"Pol\u00edtica","comment_count":"0","_links":{"self":[{"href":"https:\/\/radioparquecde.com\/index.php\/wp-json\/wp\/v2\/posts\/4319","targetHints":{"allow":["GET"]}}],"collection":[{"href":"https:\/\/radioparquecde.com\/index.php\/wp-json\/wp\/v2\/posts"}],"about":[{"href":"https:\/\/radioparquecde.com\/index.php\/wp-json\/wp\/v2\/types\/post"}],"author":[{"embeddable":true,"href":"https:\/\/radioparquecde.com\/index.php\/wp-json\/wp\/v2\/users\/3"}],"replies":[{"embeddable":true,"href":"https:\/\/radioparquecde.com\/index.php\/wp-json\/wp\/v2\/comments?post=4319"}],"version-history":[{"count":1,"href":"https:\/\/radioparquecde.com\/index.php\/wp-json\/wp\/v2\/posts\/4319\/revisions"}],"predecessor-version":[{"id":4323,"href":"https:\/\/radioparquecde.com\/index.php\/wp-json\/wp\/v2\/posts\/4319\/revisions\/4323"}],"wp:featuredmedia":[{"embeddable":true,"href":"https:\/\/radioparquecde.com\/index.php\/wp-json\/wp\/v2\/media\/4322"}],"wp:attachment":[{"href":"https:\/\/radioparquecde.com\/index.php\/wp-json\/wp\/v2\/media?parent=4319"}],"wp:term":[{"taxonomy":"category","embeddable":true,"href":"https:\/\/radioparquecde.com\/index.php\/wp-json\/wp\/v2\/categories?post=4319"},{"taxonomy":"post_tag","embeddable":true,"href":"https:\/\/radioparquecde.com\/index.php\/wp-json\/wp\/v2\/tags?post=4319"}],"curies":[{"name":"wp","href":"https:\/\/api.w.org\/{rel}","templated":true}]}}