{"id":4375,"date":"2022-08-11T08:18:00","date_gmt":"2022-08-11T12:18:00","guid":{"rendered":"https:\/\/radioparquecde.com\/?p=4375"},"modified":"2022-08-11T08:18:01","modified_gmt":"2022-08-11T12:18:01","slug":"en-un-mes-ediles-evaluaran-si-hay-o-no-mejora-en-el-transporte-publico","status":"publish","type":"post","link":"https:\/\/radioparquecde.com\/index.php\/2022\/08\/11\/en-un-mes-ediles-evaluaran-si-hay-o-no-mejora-en-el-transporte-publico\/","title":{"rendered":"En un mes, ediles evaluar\u00e1n si hay o no mejora en el transporte p\u00fablico"},"content":{"rendered":"\n<p>Concejales municipales de Ciudad del Este evaluar\u00e1n dentro de un mes si hay o no mejoras en el servicio de transporte p\u00fablico. De darse un avance, en el sentido de respetar los itinerarios y de cumplir la frecuencia, se evaluar\u00e1 la posibilidad de otorgar otro incremento en el precio del pasaje. De hecho, el sector empresarial desde un principio se expres\u00f3 descontento con el aumento de G. 500 otorgado por el legislativo comunal.<\/p>\n\n\n\n<p>Los empresarios del transporte sostienen que el precio real y justo del pasaje, en este momento, es de G. 5.000, como ya est\u00e1n cobrando los servicios de transporte interurbano. \u201cNuestro pedido fue de G. 5.000, pero en la Junta creyeron que con la suba de G. 500 era suficiente y no se puede mejorar nada con esta situaci\u00f3n\u201d, refiri\u00f3 Arnaldo Riveros, secretario de la Asociaci\u00f3n de Empresarios del Servicio de Transporte P\u00fablico de Ciudad del Este (Asetrapace).<\/p>\n\n\n\n<p>\u201cNosotros hacemos hasta lo imposible para brindar el servicio a la gente humilde, que son nuestros usuarios que nos dan todo los d\u00edas el pan de cada d\u00eda. Entendemos que la suba del pasaje no es porque queremos, todo tiene que ver con el aumento del precio del petr\u00f3leo. No solo los del transporte p\u00fablico nos vemos afectados, sino todos los sectores que dependen del gasoil\u201d, agreg\u00f3.<\/p>\n\n\n\n<figure class=\"wp-block-image size-full\"><img loading=\"lazy\" decoding=\"async\" width=\"400\" height=\"225\" src=\"https:\/\/radioparquecde.com\/wp-content\/uploads\/2022\/08\/concejales-se-opondran-a-llamado-para-itinerarios-de-transporte-publico-la-clave.jpg\" alt=\"\" class=\"wp-image-4377\" srcset=\"https:\/\/radioparquecde.com\/wp-content\/uploads\/2022\/08\/concejales-se-opondran-a-llamado-para-itinerarios-de-transporte-publico-la-clave.jpg 400w, https:\/\/radioparquecde.com\/wp-content\/uploads\/2022\/08\/concejales-se-opondran-a-llamado-para-itinerarios-de-transporte-publico-la-clave-300x169.jpg 300w\" sizes=\"auto, (max-width: 400px) 100vw, 400px\" \/><\/figure>\n\n\n\n<p>Resalt\u00f3 que est\u00e1n trabajando, no en un 100 por ciento, pero est\u00e1n tratando de cumplir con los usuarios. Dijo que, como otros sectores, ellos tambi\u00e9n sienten el impacto econ\u00f3mico que dej\u00f3 el Covid-19 a su paso por esta parte del pa\u00eds.<\/p>\n\n\n\n<p>\u201cBaj\u00f3 toda la econom\u00eda, no hay m\u00e1s movimiento, principalmente ac\u00e1 en Ciudad del Este. Todos sufrimos y conocemos la realidad que vive nuestro medio. El movimiento no es como antes. La econom\u00eda de nuestra ciudad decay\u00f3 mucho\u201d.<\/p>\n","protected":false},"excerpt":{"rendered":"<p>Concejales municipales de Ciudad del Este evaluar\u00e1n dentro de un mes si hay o no&#8230;<\/p>\n","protected":false},"author":3,"featured_media":4378,"comment_status":"closed","ping_status":"closed","sticky":false,"template":"","format":"standard","meta":{"footnotes":""},"categories":[48,6],"tags":[],"class_list":["post-4375","post","type-post","status-publish","format-standard","has-post-thumbnail","hentry","category-alto-parana","category-noticias"],"featured_image_urls":{"full":["https:\/\/radioparquecde.com\/wp-content\/uploads\/2022\/08\/concejales-se-opondran-a-llamado-para-itinerarios-de-transporte-publico-la-clave-1.jpg",400,225,false],"thumbnail":["https:\/\/radioparquecde.com\/wp-content\/uploads\/2022\/08\/concejales-se-opondran-a-llamado-para-itinerarios-de-transporte-publico-la-clave-1-150x150.jpg",150,150,true],"medium":["https:\/\/radioparquecde.com\/wp-content\/uploads\/2022\/08\/concejales-se-opondran-a-llamado-para-itinerarios-de-transporte-publico-la-clave-1-300x169.jpg",300,169,true],"medium_large":["https:\/\/radioparquecde.com\/wp-content\/uploads\/2022\/08\/concejales-se-opondran-a-llamado-para-itinerarios-de-transporte-publico-la-clave-1.jpg",400,225,false],"large":["https:\/\/radioparquecde.com\/wp-content\/uploads\/2022\/08\/concejales-se-opondran-a-llamado-para-itinerarios-de-transporte-publico-la-clave-1.jpg",400,225,false],"1536x1536":["https:\/\/radioparquecde.com\/wp-content\/uploads\/2022\/08\/concejales-se-opondran-a-llamado-para-itinerarios-de-transporte-publico-la-clave-1.jpg",400,225,false],"2048x2048":["https:\/\/radioparquecde.com\/wp-content\/uploads\/2022\/08\/concejales-se-opondran-a-llamado-para-itinerarios-de-transporte-publico-la-clave-1.jpg",400,225,false],"newsphere-slider-full":["https:\/\/radioparquecde.com\/wp-content\/uploads\/2022\/08\/concejales-se-opondran-a-llamado-para-itinerarios-de-transporte-publico-la-clave-1.jpg",400,225,false],"newsphere-featured":["https:\/\/radioparquecde.com\/wp-content\/uploads\/2022\/08\/concejales-se-opondran-a-llamado-para-itinerarios-de-transporte-publico-la-clave-1.jpg",400,225,false],"newsphere-medium":["https:\/\/radioparquecde.com\/wp-content\/uploads\/2022\/08\/concejales-se-opondran-a-llamado-para-itinerarios-de-transporte-publico-la-clave-1.jpg",400,225,false]},"author_info":{"display_name":"Editor","author_link":"https:\/\/radioparquecde.com\/index.php\/author\/editor\/"},"category_info":"<a href=\"https:\/\/radioparquecde.com\/index.php\/category\/alto-parana\/\" rel=\"category tag\">ALTO PARAN\u00c1<\/a> <a href=\"https:\/\/radioparquecde.com\/index.php\/category\/noticias\/\" rel=\"category tag\">Noticias<\/a>","tag_info":"Noticias","comment_count":"0","_links":{"self":[{"href":"https:\/\/radioparquecde.com\/index.php\/wp-json\/wp\/v2\/posts\/4375","targetHints":{"allow":["GET"]}}],"collection":[{"href":"https:\/\/radioparquecde.com\/index.php\/wp-json\/wp\/v2\/posts"}],"about":[{"href":"https:\/\/radioparquecde.com\/index.php\/wp-json\/wp\/v2\/types\/post"}],"author":[{"embeddable":true,"href":"https:\/\/radioparquecde.com\/index.php\/wp-json\/wp\/v2\/users\/3"}],"replies":[{"embeddable":true,"href":"https:\/\/radioparquecde.com\/index.php\/wp-json\/wp\/v2\/comments?post=4375"}],"version-history":[{"count":1,"href":"https:\/\/radioparquecde.com\/index.php\/wp-json\/wp\/v2\/posts\/4375\/revisions"}],"predecessor-version":[{"id":4379,"href":"https:\/\/radioparquecde.com\/index.php\/wp-json\/wp\/v2\/posts\/4375\/revisions\/4379"}],"wp:featuredmedia":[{"embeddable":true,"href":"https:\/\/radioparquecde.com\/index.php\/wp-json\/wp\/v2\/media\/4378"}],"wp:attachment":[{"href":"https:\/\/radioparquecde.com\/index.php\/wp-json\/wp\/v2\/media?parent=4375"}],"wp:term":[{"taxonomy":"category","embeddable":true,"href":"https:\/\/radioparquecde.com\/index.php\/wp-json\/wp\/v2\/categories?post=4375"},{"taxonomy":"post_tag","embeddable":true,"href":"https:\/\/radioparquecde.com\/index.php\/wp-json\/wp\/v2\/tags?post=4375"}],"curies":[{"name":"wp","href":"https:\/\/api.w.org\/{rel}","templated":true}]}}